{"id":32786,"date":"2015-01-26T17:10:21","date_gmt":"2015-01-26T20:10:21","guid":{"rendered":"http:\/\/blitzconquista.com.br\/?p=32786"},"modified":"2015-01-26T17:15:27","modified_gmt":"2015-01-26T20:15:27","slug":"dh-indicia-suspeito-de-varios-homicidios-em-conquista","status":"publish","type":"post","link":"https:\/\/blitzconquista.com.br\/?p=32786","title":{"rendered":"DH indicia suspeito de v\u00e1rios homic\u00eddios em conquista"},"content":{"rendered":"<p class=\"western\">A Pol\u00edcia Civil, Atrav\u00e9s da Delegacia de Homicidios (DH), elucidou o homic\u00eddio que teve como v\u00edtima GILVAN DIAS NUNES, de 21 anos, assassinado a tiros no final do ano passado, no dia 28.12.2014, pr\u00f3ximo a empresa DASS\/DILLY, na Urbis VI,em Conquista.<\/p>\n<p class=\"western\" style=\"text-align: left;\">Ap\u00f3s investiga\u00e7\u00f5es da DH, o suspeito do crime hediondo foi identificado como sendo o infrator UERLEI RIBEIRO DAS SILVA, vulgo WESLEI, de 19 anos (foto anexa), o qual possui v\u00e1rios antecedentes policiais e j\u00e1 foi preso nesta cidade acusado de tr\u00e1fico, cuja motiva\u00e7\u00e3o do homic\u00eddio est\u00e1 relacionado a desaven\u00e7as oriundas do tr\u00e1fico de drogas.<\/p>\n<p class=\"western\" style=\"text-align: left;\">UERLEI \u00e9 apontado nas investiga\u00e7\u00f5es da DH como suspeito de participar de mais 02 homic\u00eddios nesta cidade, sendo ele integrante de uma organiza\u00e7\u00e3o criminosa envolvida com o tr\u00e1fico de drogas e a pr\u00e1tica de v\u00e1rios homic\u00eddios em Conquista.<\/p>\n<p class=\"western\" style=\"text-align: left;\">O acusado foi indiciado no inqu\u00e9rito policial instaurado na DH pelos crimes de\u00a0homic\u00eddio qualificado e porte ilegal de arma de fogo, e ser\u00e1 processado e julgado pela Vara do J\u00fari desta Comarca, cuja condena\u00e7\u00e3o pela Justi\u00e7a pode chegar a 30 anos de pris\u00e3o.<\/p>\n<p class=\"western\" style=\"text-align: left;\">Fonte: DELEGACIA DE HOMIC\u00cdDIOS &#8211; VIT\u00d3RIA DA CONQUISTA<\/p>\n","protected":false},"excerpt":{"rendered":"<p>A Pol\u00edcia Civil, Atrav\u00e9s da Delegacia de Homicidios (DH), elucidou o homic\u00eddio que teve como v\u00edtima GILVAN DIAS NUNES, de 21 anos, assassinado a tiros no final do ano passado, no dia 28.12.2014, pr\u00f3ximo a empresa DASS\/DILLY, na Urbis VI,em Conquista. Ap\u00f3s investiga\u00e7\u00f5es da DH, o suspeito do crime hediondo foi identificado como sendo o [&hellip;]<\/p>\n","protected":false},"author":1,"featured_media":32787,"comment_status":"open","ping_status":"closed","sticky":false,"template":"","format":"standard","meta":[],"categories":[212,3],"tags":[],"_links":{"self":[{"href":"https:\/\/blitzconquista.com.br\/index.php?rest_route=\/wp\/v2\/posts\/32786"}],"collection":[{"href":"https:\/\/blitzconquista.com.br\/index.php?rest_route=\/wp\/v2\/posts"}],"about":[{"href":"https:\/\/blitzconquista.com.br\/index.php?rest_route=\/wp\/v2\/types\/post"}],"author":[{"embeddable":true,"href":"https:\/\/blitzconquista.com.br\/index.php?rest_route=\/wp\/v2\/users\/1"}],"replies":[{"embeddable":true,"href":"https:\/\/blitzconquista.com.br\/index.php?rest_route=%2Fwp%2Fv2%2Fcomments&post=32786"}],"version-history":[{"count":0,"href":"https:\/\/blitzconquista.com.br\/index.php?rest_route=\/wp\/v2\/posts\/32786\/revisions"}],"wp:featuredmedia":[{"embeddable":true,"href":"https:\/\/blitzconquista.com.br\/index.php?rest_route=\/wp\/v2\/media\/32787"}],"wp:attachment":[{"href":"https:\/\/blitzconquista.com.br\/index.php?rest_route=%2Fwp%2Fv2%2Fmedia&parent=32786"}],"wp:term":[{"taxonomy":"category","embeddable":true,"href":"https:\/\/blitzconquista.com.br\/index.php?rest_route=%2Fwp%2Fv2%2Fcategories&post=32786"},{"taxonomy":"post_tag","embeddable":true,"href":"https:\/\/blitzconquista.com.br\/index.php?rest_route=%2Fwp%2Fv2%2Ftags&post=32786"}],"curies":[{"name":"wp","href":"https:\/\/api.w.org\/{rel}","templated":true}]}}