{"id":33241,"date":"2015-02-12T23:33:32","date_gmt":"2015-02-13T02:33:32","guid":{"rendered":"http:\/\/blitzconquista.com.br\/?p=33241"},"modified":"2015-02-12T23:33:32","modified_gmt":"2015-02-13T02:33:32","slug":"elenco-do-vitoria-da-conquista-nao-tera-folga-no-carnaval","status":"publish","type":"post","link":"https:\/\/blitzconquista.com.br\/?p=33241","title":{"rendered":"Elenco do Vit\u00f3ria da Conquista n\u00e3o ter\u00e1 folga no carnaval"},"content":{"rendered":"<p>O elenco do Vit\u00f3ria da Conquista n\u00e3o ter\u00e1 folga durante o carnaval e vai continua a prepara\u00e7\u00e3o visando o confronto contra o Juazeirense, que acontece no pr\u00f3ximo dia 22, \u00e1s 16 horas, no est\u00e1dio Lomanto J\u00fanior, pela terceira rodada do Campeonato Baiano.<\/p>\n<p>Segundo, o presidente Ederlane Amorim, o foco \u00e9 o Campeonato Baiano, onde a equipe come\u00e7ou bem e tem que continuar assim. \u201cN\u00e3o podemos relaxar agora, tanto que continuamos refor\u00e7ando a equipe com a contrata\u00e7\u00e3o de Paulo Almeida, para que, com sua experi\u00eancia colabore com o restante elenco para realizarmos duas boas competi\u00e7\u00f5es\u201d, disse Ederlane, ao site oficial do clube.<\/p>\n<p>O Bode vem de duas vit\u00f3rias contra Bahia e Gal\u00edcia e lidera a competi\u00e7\u00e3o com seis pontos.<\/p>\n<p>Na tarde desta sexta (13), o treinador Evandro Guimar\u00e3es comanda um treino t\u00e9cnico na Toca do Bode. J\u00e1 na manh\u00e3 de s\u00e1bado (14), acontece um jogo treino contra a equipe Sub-20, no CT do clube.<\/p>\n<p>Depois desta atividade os jogadores recebem folga e reapresentam na tarde da pr\u00f3xima segunda (16), para reiniciar os treinamentos. *Cidade Esportes<\/p>\n","protected":false},"excerpt":{"rendered":"<p>O elenco do Vit\u00f3ria da Conquista n\u00e3o ter\u00e1 folga durante o carnaval e vai continua a prepara\u00e7\u00e3o visando o confronto contra o Juazeirense, que acontece no pr\u00f3ximo dia 22, \u00e1s 16 horas, no est\u00e1dio Lomanto J\u00fanior, pela terceira rodada do Campeonato Baiano. Segundo, o presidente Ederlane Amorim, o foco \u00e9 o Campeonato Baiano, onde a [&hellip;]<\/p>\n","protected":false},"author":1,"featured_media":33242,"comment_status":"open","ping_status":"closed","sticky":false,"template":"","format":"standard","meta":[],"categories":[1],"tags":[],"_links":{"self":[{"href":"https:\/\/blitzconquista.com.br\/index.php?rest_route=\/wp\/v2\/posts\/33241"}],"collection":[{"href":"https:\/\/blitzconquista.com.br\/index.php?rest_route=\/wp\/v2\/posts"}],"about":[{"href":"https:\/\/blitzconquista.com.br\/index.php?rest_route=\/wp\/v2\/types\/post"}],"author":[{"embeddable":true,"href":"https:\/\/blitzconquista.com.br\/index.php?rest_route=\/wp\/v2\/users\/1"}],"replies":[{"embeddable":true,"href":"https:\/\/blitzconquista.com.br\/index.php?rest_route=%2Fwp%2Fv2%2Fcomments&post=33241"}],"version-history":[{"count":0,"href":"https:\/\/blitzconquista.com.br\/index.php?rest_route=\/wp\/v2\/posts\/33241\/revisions"}],"wp:featuredmedia":[{"embeddable":true,"href":"https:\/\/blitzconquista.com.br\/index.php?rest_route=\/wp\/v2\/media\/33242"}],"wp:attachment":[{"href":"https:\/\/blitzconquista.com.br\/index.php?rest_route=%2Fwp%2Fv2%2Fmedia&parent=33241"}],"wp:term":[{"taxonomy":"category","embeddable":true,"href":"https:\/\/blitzconquista.com.br\/index.php?rest_route=%2Fwp%2Fv2%2Fcategories&post=33241"},{"taxonomy":"post_tag","embeddable":true,"href":"https:\/\/blitzconquista.com.br\/index.php?rest_route=%2Fwp%2Fv2%2Ftags&post=33241"}],"curies":[{"name":"wp","href":"https:\/\/api.w.org\/{rel}","templated":true}]}}