{"id":33274,"date":"2015-02-14T12:50:28","date_gmt":"2015-02-14T15:50:28","guid":{"rendered":"http:\/\/blitzconquista.com.br\/?p=33274"},"modified":"2015-02-14T13:17:24","modified_gmt":"2015-02-14T16:17:24","slug":"prefeitura-realiza-mudancas-em-vagas-de-estacionamento","status":"publish","type":"post","link":"https:\/\/blitzconquista.com.br\/?p=33274","title":{"rendered":"Prefeitura realiza mudan\u00e7as em vagas de estacionamento"},"content":{"rendered":"<div id=\"stcpDiv\">\n<p>Com o objetivo de melhorar a fluidez do tr\u00e2nsito na \u00e1rea central de Vit\u00f3ria da Conquista, algumas mudan\u00e7as est\u00e3o sendo efetuadas. Tais altera\u00e7\u00f5es foram feitas tamb\u00e9m para adequar o projeto apresentado pela empresa que vai operar o sistema de estacionamento rotativo na cidade.<\/p>\n<p>Nas ruas 7 de Setembro e G\u00f3es Calmon as vagas de estacionamento, que antes eram em \u00e2ngulo passaram a ser dispostas em fila, permitindo assim o alargamento da \u00e1rea de passagem destinada aos ve\u00edculos. Na Travessa Dois de Julho, o estacionamento, que antes ficava do lado direito da via no sentido de quem sai do Terminal da Avenida Lauro de Freitas, passou a ser do lado esquerdo.<\/p>\n<p>Interven\u00e7\u00f5es tamb\u00e9m foram feitas nas ruas Humberto Flores e Dante Menezes. Os locais, que contavam com vagas em \u00e2ngulo apenas em um dos lados, passaram a ser em \u00e2ngulo de ambos os lados.<\/p>\n<p>De acordo com o coordenador de Mobilidade Urbana, Herling Concei\u00e7\u00e3o, tais mudan\u00e7as v\u00e3o facilitar a circula\u00e7\u00e3o de pedestres e ve\u00edculos na \u00e1rea central da cidade. \u201cAl\u00e9m disso, tais mudan\u00e7as visam adequar \u00e0s vagas de estacionamento destinadas a idosos e deficientes\u201d, concluiu. *Secom<\/p>\n<\/div>\n","protected":false},"excerpt":{"rendered":"<p>Com o objetivo de melhorar a fluidez do tr\u00e2nsito na \u00e1rea central de Vit\u00f3ria da Conquista, algumas mudan\u00e7as est\u00e3o sendo efetuadas. Tais altera\u00e7\u00f5es foram feitas tamb\u00e9m para adequar o projeto apresentado pela empresa que vai operar o sistema de estacionamento rotativo na cidade. Nas ruas 7 de Setembro e G\u00f3es Calmon as vagas de estacionamento, [&hellip;]<\/p>\n","protected":false},"author":1,"featured_media":33275,"comment_status":"open","ping_status":"closed","sticky":false,"template":"","format":"standard","meta":[],"categories":[7],"tags":[],"_links":{"self":[{"href":"https:\/\/blitzconquista.com.br\/index.php?rest_route=\/wp\/v2\/posts\/33274"}],"collection":[{"href":"https:\/\/blitzconquista.com.br\/index.php?rest_route=\/wp\/v2\/posts"}],"about":[{"href":"https:\/\/blitzconquista.com.br\/index.php?rest_route=\/wp\/v2\/types\/post"}],"author":[{"embeddable":true,"href":"https:\/\/blitzconquista.com.br\/index.php?rest_route=\/wp\/v2\/users\/1"}],"replies":[{"embeddable":true,"href":"https:\/\/blitzconquista.com.br\/index.php?rest_route=%2Fwp%2Fv2%2Fcomments&post=33274"}],"version-history":[{"count":0,"href":"https:\/\/blitzconquista.com.br\/index.php?rest_route=\/wp\/v2\/posts\/33274\/revisions"}],"wp:featuredmedia":[{"embeddable":true,"href":"https:\/\/blitzconquista.com.br\/index.php?rest_route=\/wp\/v2\/media\/33275"}],"wp:attachment":[{"href":"https:\/\/blitzconquista.com.br\/index.php?rest_route=%2Fwp%2Fv2%2Fmedia&parent=33274"}],"wp:term":[{"taxonomy":"category","embeddable":true,"href":"https:\/\/blitzconquista.com.br\/index.php?rest_route=%2Fwp%2Fv2%2Fcategories&post=33274"},{"taxonomy":"post_tag","embeddable":true,"href":"https:\/\/blitzconquista.com.br\/index.php?rest_route=%2Fwp%2Fv2%2Ftags&post=33274"}],"curies":[{"name":"wp","href":"https:\/\/api.w.org\/{rel}","templated":true}]}}