{"id":33398,"date":"2015-02-19T00:02:00","date_gmt":"2015-02-19T03:02:00","guid":{"rendered":"http:\/\/blitzconquista.com.br\/?p=33398"},"modified":"2015-02-19T01:09:59","modified_gmt":"2015-02-19T04:09:59","slug":"bateu-no-fundo-colisao-mata-um-e-deixa-11-feridos","status":"publish","type":"post","link":"https:\/\/blitzconquista.com.br\/?p=33398","title":{"rendered":"Bateu no fundo: colis\u00e3o mata um e deixa 11 feridos"},"content":{"rendered":"<p>Um acidente envolvendo uma van e um caminh\u00e3o na BR 116, no per\u00edmetro urbano da cidade de Po\u00e7\u00f5es, ocorrido na manh\u00e3 desta quarta-feira, 18, resultou com um morto e onze feridos.<\/p>\n<p><img decoding=\"async\" loading=\"lazy\" class=\" size-full wp-image-33404 aligncenter\" src=\"http:\/\/blitzconquista.com.br\/wp-content\/uploads\/2015\/02\/acidente-br-116-po\u00e7oes-19022015-6.jpg\" alt=\"acidente br 116 po\u00e7oes 19022015 (6)\" width=\"680\" height=\"450\" srcset=\"https:\/\/blitzconquista.com.br\/wp-content\/uploads\/2015\/02\/acidente-br-116-po\u00e7oes-19022015-6.jpg 680w, https:\/\/blitzconquista.com.br\/wp-content\/uploads\/2015\/02\/acidente-br-116-po\u00e7oes-19022015-6-300x199.jpg 300w\" sizes=\"(max-width: 680px) 100vw, 680px\" \/><\/p>\n<p>De acordo com testemunhas, o caminh\u00e3o passava no redutor de velocidade quando foi atingido na traseira pela van, que n\u00e3o freou.<\/p>\n<p><img decoding=\"async\" loading=\"lazy\" class=\" size-full wp-image-33403 aligncenter\" src=\"http:\/\/blitzconquista.com.br\/wp-content\/uploads\/2015\/02\/acidente-br-116-po\u00e7oes-19022015-5.jpg\" alt=\"acidente br 116 po\u00e7oes 19022015 (5)\" width=\"450\" height=\"680\" srcset=\"https:\/\/blitzconquista.com.br\/wp-content\/uploads\/2015\/02\/acidente-br-116-po\u00e7oes-19022015-5.jpg 450w, https:\/\/blitzconquista.com.br\/wp-content\/uploads\/2015\/02\/acidente-br-116-po\u00e7oes-19022015-5-199x300.jpg 199w, https:\/\/blitzconquista.com.br\/wp-content\/uploads\/2015\/02\/acidente-br-116-po\u00e7oes-19022015-5-331x500.jpg 331w\" sizes=\"(max-width: 450px) 100vw, 450px\" \/><\/p>\n<p>A adolescente Maria G\u00eanefy Silva dos Santos, 16, que estava na van, morreu no local. Os feridos, passageiros da van, foram encaminhados a hospitais de Po\u00e7\u00f5es e Vit\u00f3ria da Conquista.<\/p>\n<p><img decoding=\"async\" loading=\"lazy\" class=\" size-full wp-image-33400 aligncenter\" src=\"http:\/\/blitzconquista.com.br\/wp-content\/uploads\/2015\/02\/acidente-br-116-po\u00e7oes-19022015-2.jpg\" alt=\"acidente br 116 po\u00e7oes 19022015 (2)\" width=\"680\" height=\"450\" srcset=\"https:\/\/blitzconquista.com.br\/wp-content\/uploads\/2015\/02\/acidente-br-116-po\u00e7oes-19022015-2.jpg 680w, https:\/\/blitzconquista.com.br\/wp-content\/uploads\/2015\/02\/acidente-br-116-po\u00e7oes-19022015-2-300x199.jpg 300w\" sizes=\"(max-width: 680px) 100vw, 680px\" \/><\/p>\n","protected":false},"excerpt":{"rendered":"<p>Um acidente envolvendo uma van e um caminh\u00e3o na BR 116, no per\u00edmetro urbano da cidade de Po\u00e7\u00f5es, ocorrido na manh\u00e3 desta quarta-feira, 18, resultou com um morto e onze feridos. De acordo com testemunhas, o caminh\u00e3o passava no redutor de velocidade quando foi atingido na traseira pela van, que n\u00e3o freou. A adolescente Maria [&hellip;]<\/p>\n","protected":false},"author":1,"featured_media":33399,"comment_status":"open","ping_status":"closed","sticky":false,"template":"","format":"standard","meta":[],"categories":[7],"tags":[],"_links":{"self":[{"href":"https:\/\/blitzconquista.com.br\/index.php?rest_route=\/wp\/v2\/posts\/33398"}],"collection":[{"href":"https:\/\/blitzconquista.com.br\/index.php?rest_route=\/wp\/v2\/posts"}],"about":[{"href":"https:\/\/blitzconquista.com.br\/index.php?rest_route=\/wp\/v2\/types\/post"}],"author":[{"embeddable":true,"href":"https:\/\/blitzconquista.com.br\/index.php?rest_route=\/wp\/v2\/users\/1"}],"replies":[{"embeddable":true,"href":"https:\/\/blitzconquista.com.br\/index.php?rest_route=%2Fwp%2Fv2%2Fcomments&post=33398"}],"version-history":[{"count":0,"href":"https:\/\/blitzconquista.com.br\/index.php?rest_route=\/wp\/v2\/posts\/33398\/revisions"}],"wp:featuredmedia":[{"embeddable":true,"href":"https:\/\/blitzconquista.com.br\/index.php?rest_route=\/wp\/v2\/media\/33399"}],"wp:attachment":[{"href":"https:\/\/blitzconquista.com.br\/index.php?rest_route=%2Fwp%2Fv2%2Fmedia&parent=33398"}],"wp:term":[{"taxonomy":"category","embeddable":true,"href":"https:\/\/blitzconquista.com.br\/index.php?rest_route=%2Fwp%2Fv2%2Fcategories&post=33398"},{"taxonomy":"post_tag","embeddable":true,"href":"https:\/\/blitzconquista.com.br\/index.php?rest_route=%2Fwp%2Fv2%2Ftags&post=33398"}],"curies":[{"name":"wp","href":"https:\/\/api.w.org\/{rel}","templated":true}]}}