{"id":33411,"date":"2015-02-20T02:04:27","date_gmt":"2015-02-20T05:04:27","guid":{"rendered":"http:\/\/blitzconquista.com.br\/?p=33411"},"modified":"2015-02-20T02:04:27","modified_gmt":"2015-02-20T05:04:27","slug":"motorista-fica-gravemente-ferido-em-colisao-frontal-no-anel-rodoviario","status":"publish","type":"post","link":"https:\/\/blitzconquista.com.br\/?p=33411","title":{"rendered":"Motorista fica gravemente ferido em colis\u00e3o frontal no Anel Rodovi\u00e1rio"},"content":{"rendered":"<p>O condutor de um Chevrolet Monza ficou gravemente ferido em um acidente automobil\u00edstico, ocorrido por volta da 20h desta quinta-feira, 19, no Anel Rodovi\u00e1rio de Vit\u00f3ria da Conquista.<\/p>\n<p><img decoding=\"async\" loading=\"lazy\" class=\" size-full wp-image-33412 aligncenter\" src=\"http:\/\/blitzconquista.com.br\/wp-content\/uploads\/2015\/02\/IMG-20150219-WA0028.jpg\" alt=\"IMG-20150219-WA0028\" width=\"680\" height=\"450\" srcset=\"https:\/\/blitzconquista.com.br\/wp-content\/uploads\/2015\/02\/IMG-20150219-WA0028.jpg 680w, https:\/\/blitzconquista.com.br\/wp-content\/uploads\/2015\/02\/IMG-20150219-WA0028-300x199.jpg 300w\" sizes=\"(max-width: 680px) 100vw, 680px\" \/><\/p>\n<p>Testemunhas disseram que o ve\u00edculo Monza estava na contram\u00e3o quando bateu de frente com um caminh\u00e3o no Km 13. A v\u00edtima ficou presa nas ferragens. Ele foi socorrido por equipes da Via Bahia e encaminhado ao Hospital de Base em estado grave.<\/p>\n<p><img decoding=\"async\" loading=\"lazy\" class=\" size-full wp-image-33414 aligncenter\" src=\"http:\/\/blitzconquista.com.br\/wp-content\/uploads\/2015\/02\/IMG-20150219-WA0019.jpg\" alt=\"IMG-20150219-WA0019\" width=\"680\" height=\"450\" srcset=\"https:\/\/blitzconquista.com.br\/wp-content\/uploads\/2015\/02\/IMG-20150219-WA0019.jpg 680w, https:\/\/blitzconquista.com.br\/wp-content\/uploads\/2015\/02\/IMG-20150219-WA0019-300x199.jpg 300w\" sizes=\"(max-width: 680px) 100vw, 680px\" \/><\/p>\n","protected":false},"excerpt":{"rendered":"<p>O condutor de um Chevrolet Monza ficou gravemente ferido em um acidente automobil\u00edstico, ocorrido por volta da 20h desta quinta-feira, 19, no Anel Rodovi\u00e1rio de Vit\u00f3ria da Conquista. Testemunhas disseram que o ve\u00edculo Monza estava na contram\u00e3o quando bateu de frente com um caminh\u00e3o no Km 13. A v\u00edtima ficou presa nas ferragens. Ele foi [&hellip;]<\/p>\n","protected":false},"author":1,"featured_media":33413,"comment_status":"open","ping_status":"closed","sticky":false,"template":"","format":"standard","meta":[],"categories":[7],"tags":[],"_links":{"self":[{"href":"https:\/\/blitzconquista.com.br\/index.php?rest_route=\/wp\/v2\/posts\/33411"}],"collection":[{"href":"https:\/\/blitzconquista.com.br\/index.php?rest_route=\/wp\/v2\/posts"}],"about":[{"href":"https:\/\/blitzconquista.com.br\/index.php?rest_route=\/wp\/v2\/types\/post"}],"author":[{"embeddable":true,"href":"https:\/\/blitzconquista.com.br\/index.php?rest_route=\/wp\/v2\/users\/1"}],"replies":[{"embeddable":true,"href":"https:\/\/blitzconquista.com.br\/index.php?rest_route=%2Fwp%2Fv2%2Fcomments&post=33411"}],"version-history":[{"count":0,"href":"https:\/\/blitzconquista.com.br\/index.php?rest_route=\/wp\/v2\/posts\/33411\/revisions"}],"wp:featuredmedia":[{"embeddable":true,"href":"https:\/\/blitzconquista.com.br\/index.php?rest_route=\/wp\/v2\/media\/33413"}],"wp:attachment":[{"href":"https:\/\/blitzconquista.com.br\/index.php?rest_route=%2Fwp%2Fv2%2Fmedia&parent=33411"}],"wp:term":[{"taxonomy":"category","embeddable":true,"href":"https:\/\/blitzconquista.com.br\/index.php?rest_route=%2Fwp%2Fv2%2Fcategories&post=33411"},{"taxonomy":"post_tag","embeddable":true,"href":"https:\/\/blitzconquista.com.br\/index.php?rest_route=%2Fwp%2Fv2%2Ftags&post=33411"}],"curies":[{"name":"wp","href":"https:\/\/api.w.org\/{rel}","templated":true}]}}