{"id":34845,"date":"2015-04-08T23:56:13","date_gmt":"2015-04-09T02:56:13","guid":{"rendered":"http:\/\/blitzconquista.com.br\/?p=34845"},"modified":"2015-04-08T23:56:13","modified_gmt":"2015-04-09T02:56:13","slug":"em-virtude-da-paralisacao-dos-professores-da-uesb-nesta-quarta-pronera-prorroga-inscricoes","status":"publish","type":"post","link":"https:\/\/blitzconquista.com.br\/?p=34845","title":{"rendered":"Em virtude da paralisa\u00e7\u00e3o dos professores da Uesb nesta quarta, Pronera prorroga inscri\u00e7\u00f5es"},"content":{"rendered":"<p>Em virtude da paralisa\u00e7\u00e3o que ocorre nesta quarta, 8, na Uesb, a Pr\u00f3-Reitoria de Extens\u00e3o e Assuntos Comunit\u00e1rios (Proex) informa que as inscri\u00e7\u00f5es para os diversos cargos do Programa Nacional de Educa\u00e7\u00e3o na Reforma Agr\u00e1ria (Pronera) foram prorrogadas. Agora, os interessados podem se inscrever at\u00e9 esta quinta, 9, no Centro de Aperfei\u00e7oamento Profissional (CAP), campus de Vit\u00f3ria da Conquista, das 8h30 \u00e0s 11h30 ou das 14h30 \u00e0s 17h30. Para mais informa\u00e7\u00f5es, entre em contato com o Pronera pelo telefone (77) 3424-8714.*Com informa\u00e7\u00f5es da Ascom\/UESB.<\/p>\n","protected":false},"excerpt":{"rendered":"<p>Em virtude da paralisa\u00e7\u00e3o que ocorre nesta quarta, 8, na Uesb, a Pr\u00f3-Reitoria de Extens\u00e3o e Assuntos Comunit\u00e1rios (Proex) informa que as inscri\u00e7\u00f5es para os diversos cargos do Programa Nacional de Educa\u00e7\u00e3o na Reforma Agr\u00e1ria (Pronera) foram prorrogadas. Agora, os interessados podem se inscrever at\u00e9 esta quinta, 9, no Centro de Aperfei\u00e7oamento Profissional (CAP), campus [&hellip;]<\/p>\n","protected":false},"author":1,"featured_media":31761,"comment_status":"open","ping_status":"closed","sticky":false,"template":"","format":"standard","meta":[],"categories":[28],"tags":[],"_links":{"self":[{"href":"https:\/\/blitzconquista.com.br\/index.php?rest_route=\/wp\/v2\/posts\/34845"}],"collection":[{"href":"https:\/\/blitzconquista.com.br\/index.php?rest_route=\/wp\/v2\/posts"}],"about":[{"href":"https:\/\/blitzconquista.com.br\/index.php?rest_route=\/wp\/v2\/types\/post"}],"author":[{"embeddable":true,"href":"https:\/\/blitzconquista.com.br\/index.php?rest_route=\/wp\/v2\/users\/1"}],"replies":[{"embeddable":true,"href":"https:\/\/blitzconquista.com.br\/index.php?rest_route=%2Fwp%2Fv2%2Fcomments&post=34845"}],"version-history":[{"count":0,"href":"https:\/\/blitzconquista.com.br\/index.php?rest_route=\/wp\/v2\/posts\/34845\/revisions"}],"wp:featuredmedia":[{"embeddable":true,"href":"https:\/\/blitzconquista.com.br\/index.php?rest_route=\/wp\/v2\/media\/31761"}],"wp:attachment":[{"href":"https:\/\/blitzconquista.com.br\/index.php?rest_route=%2Fwp%2Fv2%2Fmedia&parent=34845"}],"wp:term":[{"taxonomy":"category","embeddable":true,"href":"https:\/\/blitzconquista.com.br\/index.php?rest_route=%2Fwp%2Fv2%2Fcategories&post=34845"},{"taxonomy":"post_tag","embeddable":true,"href":"https:\/\/blitzconquista.com.br\/index.php?rest_route=%2Fwp%2Fv2%2Ftags&post=34845"}],"curies":[{"name":"wp","href":"https:\/\/api.w.org\/{rel}","templated":true}]}}