{"id":34911,"date":"2015-04-11T23:15:14","date_gmt":"2015-04-12T02:15:14","guid":{"rendered":"http:\/\/blitzconquista.com.br\/?p=34911"},"modified":"2015-04-11T23:15:14","modified_gmt":"2015-04-12T02:15:14","slug":"zona-azul-comeca-a-operar-na-proxima-quinta-feira-16","status":"publish","type":"post","link":"https:\/\/blitzconquista.com.br\/?p=34911","title":{"rendered":"Zona Azul come\u00e7a a operar na pr\u00f3xima quinta-feira, 16"},"content":{"rendered":"<p>Cumprindo o prazo de 30 dias destinado aos ajustes e divulga\u00e7\u00e3o necess\u00e1rios, a Zona Azul vai possibilitar maior rotatividade das vagas de estacionamento<\/p>\n<p>A Zona Azul, o sistema respons\u00e1vel por operar e administrar o sistema de estacionamento rotativo pago para ve\u00edculos em ruas p\u00fablicas da \u00e1rea central de Vit\u00f3ria da Conquista, come\u00e7a a operar a partir da pr\u00f3xima quinta-feira, 16.<\/p>\n<p>Para uso dos pontos de estacionamento urbano, o usu\u00e1rio pagar\u00e1 uma taxa de R$ 2,70 \u2013 equivalente por 2 horas. No caso de per\u00edodos menores, a partir de 20 minutos, o usu\u00e1rio poder\u00e1 pagar de forma proporcional. Em vagas destinadas a motocicletas, a tarifa ser\u00e1 de 30% do valor cobrado pelos motoristas. Ou seja, R$ 0,81 \u2013 tamb\u00e9m por 2 horas.<\/p>\n<p>Idosos e condutores de ve\u00edculos de carga t\u00eam suas vagas demarcadas e tamb\u00e9m dever\u00e3o efetuar o pagamento e obedecer \u00e0 rotatividade.\u00a0Estar\u00e3o isentos da taxa os deficientes f\u00edsicos. H\u00e1 \u00e1reas demarcadas especificamente para esse grupo.<\/p>\n<p>A nova <strong><a href=\"http:\/\/www.pmvc.ba.gov.br\/v2\/noticias\/zona-azul-sistema-de-estacionamento-rotativo-comeca-a-operar-nessa-segunda-16\/\" target=\"_blank\">Zona Azul utilizar\u00e1 um sistema com parqu\u00edmetros<\/a><\/strong> em toda a sua \u00e1rea de abrang\u00eancia. Nesses equipamentos \u00e9 que ser\u00e1 realizado o pagamento equivalente ao tempo de estacionamento, com moedas ou por meio do cart\u00e3o eletr\u00f4nico.<\/p>\n<p>A Zona Azul funcionar\u00e1 das 8h \u00e0s 18h, nos dias \u00fateis e das 8h \u00e0s 13h, nos s\u00e1bados. *Secom<\/p>\n<p><img decoding=\"async\" loading=\"lazy\" class=\" aligncenter\" src=\"http:\/\/blitzconquista.com.br\/wp-content\/uploads\/2015\/03\/zona-azul.jpg\" alt=\"zona azul\" width=\"680\" height=\"988\" \/><\/p>\n","protected":false},"excerpt":{"rendered":"<p>Cumprindo o prazo de 30 dias destinado aos ajustes e divulga\u00e7\u00e3o necess\u00e1rios, a Zona Azul vai possibilitar maior rotatividade das vagas de estacionamento A Zona Azul, o sistema respons\u00e1vel por operar e administrar o sistema de estacionamento rotativo pago para ve\u00edculos em ruas p\u00fablicas da \u00e1rea central de Vit\u00f3ria da Conquista, come\u00e7a a operar a [&hellip;]<\/p>\n","protected":false},"author":1,"featured_media":34478,"comment_status":"open","ping_status":"closed","sticky":false,"template":"","format":"standard","meta":[],"categories":[7],"tags":[],"_links":{"self":[{"href":"https:\/\/blitzconquista.com.br\/index.php?rest_route=\/wp\/v2\/posts\/34911"}],"collection":[{"href":"https:\/\/blitzconquista.com.br\/index.php?rest_route=\/wp\/v2\/posts"}],"about":[{"href":"https:\/\/blitzconquista.com.br\/index.php?rest_route=\/wp\/v2\/types\/post"}],"author":[{"embeddable":true,"href":"https:\/\/blitzconquista.com.br\/index.php?rest_route=\/wp\/v2\/users\/1"}],"replies":[{"embeddable":true,"href":"https:\/\/blitzconquista.com.br\/index.php?rest_route=%2Fwp%2Fv2%2Fcomments&post=34911"}],"version-history":[{"count":0,"href":"https:\/\/blitzconquista.com.br\/index.php?rest_route=\/wp\/v2\/posts\/34911\/revisions"}],"wp:featuredmedia":[{"embeddable":true,"href":"https:\/\/blitzconquista.com.br\/index.php?rest_route=\/wp\/v2\/media\/34478"}],"wp:attachment":[{"href":"https:\/\/blitzconquista.com.br\/index.php?rest_route=%2Fwp%2Fv2%2Fmedia&parent=34911"}],"wp:term":[{"taxonomy":"category","embeddable":true,"href":"https:\/\/blitzconquista.com.br\/index.php?rest_route=%2Fwp%2Fv2%2Fcategories&post=34911"},{"taxonomy":"post_tag","embeddable":true,"href":"https:\/\/blitzconquista.com.br\/index.php?rest_route=%2Fwp%2Fv2%2Ftags&post=34911"}],"curies":[{"name":"wp","href":"https:\/\/api.w.org\/{rel}","templated":true}]}}