{"id":34938,"date":"2015-04-12T23:35:11","date_gmt":"2015-04-13T02:35:11","guid":{"rendered":"http:\/\/blitzconquista.com.br\/?p=34938"},"modified":"2015-04-12T23:35:11","modified_gmt":"2015-04-13T02:35:11","slug":"acidente-grave-no-anel-viario","status":"publish","type":"post","link":"https:\/\/blitzconquista.com.br\/?p=34938","title":{"rendered":"Acidente grave no anel vi\u00e1rio"},"content":{"rendered":"<p>O choque entre uma carreta e um focus, ocorrido neste domingo, deixou tr\u00eas passageiros feridos. Felizmente n\u00e3o houve v\u00edtimas fatais.<\/p>\n<p>Os feridos tiveram que ser resgatados pelos bombeiros militares, pois ficaram presos nas ferragens do ve\u00edculo de passeio. Ap\u00f3s o resgate, todos foram conduzidos ao hospital pelo Samu (192).<\/p>\n<p>O registro do acidente, assim como a apura\u00e7\u00e3o das suas causas do acidentes \u00a0s\u00e3o de responsabilidade da PRF, pois trata-se de uma rodovia federal.<\/p>\n<p>&nbsp;<\/p>\n<p><img decoding=\"async\" loading=\"lazy\" class=\"alignnone  wp-image-34949\" src=\"http:\/\/blitzconquista.com.br\/wp-content\/uploads\/2015\/04\/IMG-20150412-WA0063.jpg\" alt=\"IMG-20150412-WA0063\" width=\"679\" height=\"382\" srcset=\"https:\/\/blitzconquista.com.br\/wp-content\/uploads\/2015\/04\/IMG-20150412-WA0063.jpg 512w, https:\/\/blitzconquista.com.br\/wp-content\/uploads\/2015\/04\/IMG-20150412-WA0063-300x169.jpg 300w\" sizes=\"(max-width: 679px) 100vw, 679px\" \/><\/p>\n<p><img decoding=\"async\" loading=\"lazy\" class=\"alignnone  wp-image-34939\" src=\"http:\/\/blitzconquista.com.br\/wp-content\/uploads\/2015\/04\/acidente12.04.jpg\" alt=\"acidente12.04\" width=\"678\" height=\"381\" srcset=\"https:\/\/blitzconquista.com.br\/wp-content\/uploads\/2015\/04\/acidente12.04.jpg 500w, https:\/\/blitzconquista.com.br\/wp-content\/uploads\/2015\/04\/acidente12.04-300x169.jpg 300w\" sizes=\"(max-width: 678px) 100vw, 678px\" \/><\/p>\n<p>Imagens: <em>leitores<\/em> (via whatsapp)<\/p>\n<p>&nbsp;<\/p>\n<p>&nbsp;<\/p>\n","protected":false},"excerpt":{"rendered":"<p>O choque entre uma carreta e um focus, ocorrido neste domingo, deixou tr\u00eas passageiros feridos. Felizmente n\u00e3o houve v\u00edtimas fatais. Os feridos tiveram que ser resgatados pelos bombeiros militares, pois ficaram presos nas ferragens do ve\u00edculo de passeio. Ap\u00f3s o resgate, todos foram conduzidos ao hospital pelo Samu (192). O registro do acidente, assim como [&hellip;]<\/p>\n","protected":false},"author":1,"featured_media":34940,"comment_status":"open","ping_status":"closed","sticky":false,"template":"","format":"standard","meta":[],"categories":[212,7],"tags":[],"_links":{"self":[{"href":"https:\/\/blitzconquista.com.br\/index.php?rest_route=\/wp\/v2\/posts\/34938"}],"collection":[{"href":"https:\/\/blitzconquista.com.br\/index.php?rest_route=\/wp\/v2\/posts"}],"about":[{"href":"https:\/\/blitzconquista.com.br\/index.php?rest_route=\/wp\/v2\/types\/post"}],"author":[{"embeddable":true,"href":"https:\/\/blitzconquista.com.br\/index.php?rest_route=\/wp\/v2\/users\/1"}],"replies":[{"embeddable":true,"href":"https:\/\/blitzconquista.com.br\/index.php?rest_route=%2Fwp%2Fv2%2Fcomments&post=34938"}],"version-history":[{"count":0,"href":"https:\/\/blitzconquista.com.br\/index.php?rest_route=\/wp\/v2\/posts\/34938\/revisions"}],"wp:featuredmedia":[{"embeddable":true,"href":"https:\/\/blitzconquista.com.br\/index.php?rest_route=\/wp\/v2\/media\/34940"}],"wp:attachment":[{"href":"https:\/\/blitzconquista.com.br\/index.php?rest_route=%2Fwp%2Fv2%2Fmedia&parent=34938"}],"wp:term":[{"taxonomy":"category","embeddable":true,"href":"https:\/\/blitzconquista.com.br\/index.php?rest_route=%2Fwp%2Fv2%2Fcategories&post=34938"},{"taxonomy":"post_tag","embeddable":true,"href":"https:\/\/blitzconquista.com.br\/index.php?rest_route=%2Fwp%2Fv2%2Ftags&post=34938"}],"curies":[{"name":"wp","href":"https:\/\/api.w.org\/{rel}","templated":true}]}}