{"id":35153,"date":"2015-04-18T11:50:53","date_gmt":"2015-04-18T14:50:53","guid":{"rendered":"http:\/\/blitzconquista.com.br\/?p=35153"},"modified":"2015-04-18T11:50:53","modified_gmt":"2015-04-18T14:50:53","slug":"prefeitura-entrega-unidade-de-acolhimento-adulto-e-caps-ad-iii","status":"publish","type":"post","link":"https:\/\/blitzconquista.com.br\/?p=35153","title":{"rendered":"Prefeitura entrega Unidade de Acolhimento Adulto e Caps AD III"},"content":{"rendered":"<p><strong>Ambos os servi\u00e7os foram implantados pelo Governo Municipal, por meio do programa federal \u201cCrack, \u00e9 poss\u00edvel vencer\u201d<\/strong><\/p>\n<div id=\"container\">\n<div class=\"container_pages\">\n<div class=\"content_page\">\n<div class=\"conteudo_page\">\n<p>A Rede de Aten\u00e7\u00e3o Psicossocial de Vit\u00f3ria da Conquista ganhou mais dois importantes equipamentos na tarde dessa quinta-feira, 16, a Unidade de Acolhimento Adulto e o Centro de Aten\u00e7\u00e3o Psicossocial \u00c1lcool e Drogas III (Caps AD III). Os novos servi\u00e7os foram implantados pelo Governo Municipal, por meio do programa federal \u201cCrack, \u00e9 poss\u00edvel vencer\u201d.<\/p>\n<p>Com a implanta\u00e7\u00e3o destes servi\u00e7os, o Munic\u00edpio amplia o acesso ao tratamento para pessoas com depend\u00eancia qu\u00edmica. Desde 1999, a gest\u00e3o municipal implantou o Centro de Estudos e Aten\u00e7\u00e3o \u00e0s Depend\u00eancias Qu\u00edmicas (Cead) para oferecer esse tipo de atendimento especializado.<\/p>\n<p>\u201cAt\u00e9 a data de hoje, o atendimento ofertado pelo Munic\u00edpio se restringia ao atendimento ambulatorial. Agora, estes usu\u00e1rios contar\u00e3o com a possibilidade de um tratamento, com internamento, por at\u00e9 seis meses. Isso gra\u00e7as a parceria com o Governo Federal\u201d, refor\u00e7ou o prefeito Guilherme Menezes.<\/p>\n<p>Para o juiz da Vara da Inf\u00e2ncia e Juventude, Juvino Henrique Brito, este \u00e9 um passo importante para as pol\u00edticas antidrogas na cidade. \u201cN\u00e3o conhe\u00e7o outro lugar na Bahia em que existam tantos servi\u00e7os na \u00e1rea de pol\u00edticas p\u00fablicas sendo implantados. \u00c9 animador permanecer em Vit\u00f3ria da Conquista e sentir que a cidade tem uma gest\u00e3o que se preocupa com a popula\u00e7\u00e3o\u201d, declarou o juiz.<\/p>\n<p>O vereador Luciano Gomes, l\u00edder do Governo na C\u00e2mara, lembrou a todos a import\u00e2ncia do momento. \u201cPara mim, \u00e9 motivo de muita alegria a entrega destes equipamentos que fortalecer\u00e3o o tratamento para os usu\u00e1rios de drogas. A gest\u00e3o municipal est\u00e1 de parab\u00e9ns pelo cuidado com toda a popula\u00e7\u00e3o, principalmente, na \u00e1rea da sa\u00fade\u201d, destacou.<\/p>\n<p><strong>Sobre os equipamentos<\/strong> \u2013 Nos dois servi\u00e7os, que atuar\u00e3o de forma integrada, os usu\u00e1rios contar\u00e3o com o atendimento de uma equipe multiprofissional, composta por 52 servidores. Eles se revezar\u00e3o no per\u00edodo de 24h, todos os dias da semana, incluindo feriados.<\/p>\n<p>O Caps AD III conta com 12 leitos para acolhimento noturno, onde o paciente poder\u00e1 permanecer por at\u00e9 sete noites consecutivas ou at\u00e9 15 dias, com intervalos, durante o per\u00edodo de um m\u00eas. Caso seja necess\u00e1rio um maior tempo de observa\u00e7\u00e3o, a pessoa ser\u00e1 encaminhada pelo Caps Ad III para a Unidade de Acolhimento Adulto, onde poder\u00e1 permanecer por no m\u00e1ximo seis meses. A Unidade de Acolhimento Adulto conta com 15 leitos e promove a reinser\u00e7\u00e3o social e familiar.<\/p>\n<p>* O ato de entrega contou com a presen\u00e7a tamb\u00e9m do vice-prefeito Jo\u00e1s Meira; da secret\u00e1ria de Sa\u00fade, M\u00e1rcia Viviane de Ara\u00fajo; e demais membros da equipe de Governo; dos vereadores J\u00falio Honorato, Ricardo Bab\u00e3o, Adinilson Pereira, Coriolano Moraes; do defensor p\u00fablico, L\u00facio Rodrigues; e da coordenadora do Minist\u00e9rio P\u00fablico Estadual, Guiomar Miranda.<\/p>\n<p>*Secom<\/p>\n<\/div>\n<\/div>\n<\/div>\n<\/div>\n","protected":false},"excerpt":{"rendered":"<p>Ambos os servi\u00e7os foram implantados pelo Governo Municipal, por meio do programa federal \u201cCrack, \u00e9 poss\u00edvel vencer\u201d A Rede de Aten\u00e7\u00e3o Psicossocial de Vit\u00f3ria da Conquista ganhou mais dois importantes equipamentos na tarde dessa quinta-feira, 16, a Unidade de Acolhimento Adulto e o Centro de Aten\u00e7\u00e3o Psicossocial \u00c1lcool e Drogas III (Caps AD III). Os [&hellip;]<\/p>\n","protected":false},"author":1,"featured_media":35155,"comment_status":"open","ping_status":"closed","sticky":false,"template":"","format":"standard","meta":[],"categories":[30],"tags":[],"_links":{"self":[{"href":"https:\/\/blitzconquista.com.br\/index.php?rest_route=\/wp\/v2\/posts\/35153"}],"collection":[{"href":"https:\/\/blitzconquista.com.br\/index.php?rest_route=\/wp\/v2\/posts"}],"about":[{"href":"https:\/\/blitzconquista.com.br\/index.php?rest_route=\/wp\/v2\/types\/post"}],"author":[{"embeddable":true,"href":"https:\/\/blitzconquista.com.br\/index.php?rest_route=\/wp\/v2\/users\/1"}],"replies":[{"embeddable":true,"href":"https:\/\/blitzconquista.com.br\/index.php?rest_route=%2Fwp%2Fv2%2Fcomments&post=35153"}],"version-history":[{"count":0,"href":"https:\/\/blitzconquista.com.br\/index.php?rest_route=\/wp\/v2\/posts\/35153\/revisions"}],"wp:featuredmedia":[{"embeddable":true,"href":"https:\/\/blitzconquista.com.br\/index.php?rest_route=\/wp\/v2\/media\/35155"}],"wp:attachment":[{"href":"https:\/\/blitzconquista.com.br\/index.php?rest_route=%2Fwp%2Fv2%2Fmedia&parent=35153"}],"wp:term":[{"taxonomy":"category","embeddable":true,"href":"https:\/\/blitzconquista.com.br\/index.php?rest_route=%2Fwp%2Fv2%2Fcategories&post=35153"},{"taxonomy":"post_tag","embeddable":true,"href":"https:\/\/blitzconquista.com.br\/index.php?rest_route=%2Fwp%2Fv2%2Ftags&post=35153"}],"curies":[{"name":"wp","href":"https:\/\/api.w.org\/{rel}","templated":true}]}}