{"id":35224,"date":"2015-04-20T01:40:44","date_gmt":"2015-04-20T04:40:44","guid":{"rendered":"http:\/\/blitzconquista.com.br\/?p=35224"},"modified":"2015-04-20T01:40:44","modified_gmt":"2015-04-20T04:40:44","slug":"sete-pessoas-ficam-feridas-em-acidente-na-estrada-da-barra","status":"publish","type":"post","link":"https:\/\/blitzconquista.com.br\/?p=35224","title":{"rendered":"Sete pessoas ficam feridas em acidente na \u201cestrada da Barra\u201d"},"content":{"rendered":"<p>Sete pessoas, entre elas tr\u00eas crian\u00e7as, ficaram feridas no acidente automobil\u00edstico, envolvendo dois carros de passeio, ocorrido por volta das 23h30 deste domingo (19) na BA 265, estrada que liga Vit\u00f3ria da Conquista a Barra do Cho\u00e7a.<\/p>\n<p><img decoding=\"async\" loading=\"lazy\" class=\" size-full wp-image-35230 aligncenter\" src=\"http:\/\/blitzconquista.com.br\/wp-content\/uploads\/2015\/04\/DSC_0544.jpg\" alt=\"DSC_0544\" width=\"680\" height=\"450\" srcset=\"https:\/\/blitzconquista.com.br\/wp-content\/uploads\/2015\/04\/DSC_0544.jpg 680w, https:\/\/blitzconquista.com.br\/wp-content\/uploads\/2015\/04\/DSC_0544-300x199.jpg 300w\" sizes=\"(max-width: 680px) 100vw, 680px\" \/><br \/>\nTestemunhas disseram que WV Fox seguia em dire\u00e7\u00e3o a Conquista quando colidiu frontalmente com o Fiat P\u00e1lio. No primeiro estava o condutor, que apresentava sinais de prov\u00e1vel embriagues.<\/p>\n<p><img decoding=\"async\" loading=\"lazy\" class=\" size-full wp-image-35227 aligncenter\" src=\"http:\/\/blitzconquista.com.br\/wp-content\/uploads\/2015\/04\/DSC_0551.jpg\" alt=\"DSC_0551\" width=\"680\" height=\"450\" srcset=\"https:\/\/blitzconquista.com.br\/wp-content\/uploads\/2015\/04\/DSC_0551.jpg 680w, https:\/\/blitzconquista.com.br\/wp-content\/uploads\/2015\/04\/DSC_0551-300x199.jpg 300w\" sizes=\"(max-width: 680px) 100vw, 680px\" \/><\/p>\n<p>No Fiat P\u00e1lio tinham seis pessoas, sendo duas crian\u00e7as. Eles retornavam de um culto numa igreja evang\u00e9lica.<br \/>\nOs ve\u00edculos bateram frontalmente e os ocupantes dos dois carros ficaram feridos.<\/p>\n<p><img decoding=\"async\" loading=\"lazy\" class=\" size-full wp-image-35229 aligncenter\" src=\"http:\/\/blitzconquista.com.br\/wp-content\/uploads\/2015\/04\/DSC_0558.jpg\" alt=\"DSC_0558\" width=\"680\" height=\"450\" srcset=\"https:\/\/blitzconquista.com.br\/wp-content\/uploads\/2015\/04\/DSC_0558.jpg 680w, https:\/\/blitzconquista.com.br\/wp-content\/uploads\/2015\/04\/DSC_0558-300x199.jpg 300w\" sizes=\"(max-width: 680px) 100vw, 680px\" \/><\/p>\n<p>Um motorista afirmou que o WV Fox o ultrapassou em alta velocidade e fazendo ziguezague.<\/p>\n<p><img decoding=\"async\" loading=\"lazy\" class=\" size-full wp-image-35225 aligncenter\" src=\"http:\/\/blitzconquista.com.br\/wp-content\/uploads\/2015\/04\/DSC_0547.jpg\" alt=\"DSC_0547\" width=\"680\" height=\"450\" srcset=\"https:\/\/blitzconquista.com.br\/wp-content\/uploads\/2015\/04\/DSC_0547.jpg 680w, https:\/\/blitzconquista.com.br\/wp-content\/uploads\/2015\/04\/DSC_0547-300x199.jpg 300w\" sizes=\"(max-width: 680px) 100vw, 680px\" \/><br \/>\nEquipes do Samu 192 e bombeiros foram deslocados ao local e prestaram socorro as v\u00edtimas, que foram encaminhadas para hospitais de Vit\u00f3ria da Conquista. Nenhuma delas corre risco aparente de morrer.<\/p>\n","protected":false},"excerpt":{"rendered":"<p>Sete pessoas, entre elas tr\u00eas crian\u00e7as, ficaram feridas no acidente automobil\u00edstico, envolvendo dois carros de passeio, ocorrido por volta das 23h30 deste domingo (19) na BA 265, estrada que liga Vit\u00f3ria da Conquista a Barra do Cho\u00e7a. Testemunhas disseram que WV Fox seguia em dire\u00e7\u00e3o a Conquista quando colidiu frontalmente com o Fiat P\u00e1lio. No [&hellip;]<\/p>\n","protected":false},"author":1,"featured_media":35228,"comment_status":"open","ping_status":"closed","sticky":false,"template":"","format":"standard","meta":[],"categories":[7],"tags":[],"_links":{"self":[{"href":"https:\/\/blitzconquista.com.br\/index.php?rest_route=\/wp\/v2\/posts\/35224"}],"collection":[{"href":"https:\/\/blitzconquista.com.br\/index.php?rest_route=\/wp\/v2\/posts"}],"about":[{"href":"https:\/\/blitzconquista.com.br\/index.php?rest_route=\/wp\/v2\/types\/post"}],"author":[{"embeddable":true,"href":"https:\/\/blitzconquista.com.br\/index.php?rest_route=\/wp\/v2\/users\/1"}],"replies":[{"embeddable":true,"href":"https:\/\/blitzconquista.com.br\/index.php?rest_route=%2Fwp%2Fv2%2Fcomments&post=35224"}],"version-history":[{"count":0,"href":"https:\/\/blitzconquista.com.br\/index.php?rest_route=\/wp\/v2\/posts\/35224\/revisions"}],"wp:featuredmedia":[{"embeddable":true,"href":"https:\/\/blitzconquista.com.br\/index.php?rest_route=\/wp\/v2\/media\/35228"}],"wp:attachment":[{"href":"https:\/\/blitzconquista.com.br\/index.php?rest_route=%2Fwp%2Fv2%2Fmedia&parent=35224"}],"wp:term":[{"taxonomy":"category","embeddable":true,"href":"https:\/\/blitzconquista.com.br\/index.php?rest_route=%2Fwp%2Fv2%2Fcategories&post=35224"},{"taxonomy":"post_tag","embeddable":true,"href":"https:\/\/blitzconquista.com.br\/index.php?rest_route=%2Fwp%2Fv2%2Ftags&post=35224"}],"curies":[{"name":"wp","href":"https:\/\/api.w.org\/{rel}","templated":true}]}}