{"id":35304,"date":"2015-04-22T23:58:09","date_gmt":"2015-04-23T02:58:09","guid":{"rendered":"http:\/\/blitzconquista.com.br\/?p=35304"},"modified":"2015-04-22T23:58:09","modified_gmt":"2015-04-23T02:58:09","slug":"previa-do-festival-da-juventude-acontece-nesse-sabado-25","status":"publish","type":"post","link":"https:\/\/blitzconquista.com.br\/?p=35304","title":{"rendered":"Pr\u00e9via do Festival da Juventude acontece nesse s\u00e1bado, 25"},"content":{"rendered":"<div id=\"container\">\n<div class=\"container_pages\">\n<div class=\"content_page\">\n<div class=\"conteudo_page\">\n<p><strong>As tr\u00eas bandas conquistenses que animar\u00e3o a pr\u00e9via come\u00e7am a se apresentar a partir das 16h, gratuitamente<\/strong><\/p>\n<p>O Festival da Juventude \u2013 Ano III est\u00e1 chegando e, para fazer a cidade entrar no clima do evento, a Prefeitura de Vit\u00f3ria da Conquista preparou uma surpresa: acontece nesse s\u00e1bado, 25, a Pr\u00e9via do Festival com as bandas conquistenses Buena Brisa, Bonde do Rebento e Nobres Companions. O evento ser\u00e1 realizado na Pra\u00e7a da Juventude, a partir das 16h.<\/p>\n<p>Tais bandas n\u00e3o foram escolhidas aleatoriamente. Elas fizeram parte da sele\u00e7\u00e3o feita pela Coordena\u00e7\u00e3o \u00a0do Festival para escolher as bandas conquistenses que fariam parte da programa\u00e7\u00e3o principal do evento e se classificaram como suplentes. Esse \u00e9 mais um espa\u00e7o de valoriza\u00e7\u00e3o dos artistas locais que a Prefeitura possibilita durante o festival.<\/p>\n<p>Integrando a programa\u00e7\u00e3o musical principal do evento est\u00e3o Dona Iracema, Cama de Jornal, Ladr\u00f5es de Vinil, Complexo Ragga, Sound Machine, Banda Dost, Elas cantam Rita Lee e Distintivo Blue. Essas bandas dividir\u00e3o o palco com artistas reconhecidos nacionalmente, como Na\u00e7\u00e3o Zumbi, BaianaSystem e Ponto de Equil\u00edbrio.<\/p>\n<p>O Festival da Juventude \u00e9 uma realiza\u00e7\u00e3o da Prefeitura de Vit\u00f3ria da Conquista, por meio da Coordena\u00e7\u00e3o Municipal da Juventude \u2013 ligada \u00e0 Secretaria de Trabalho, Renda e Desenvolvimento Econ\u00f4mico. O evento \u00e9 totalmente gratuito e acontece entre os dias 30 de abril e 3 de maio, no Centro Glauber Rocha \u2013 Educa\u00e7\u00e3o e Cultura e na Pra\u00e7a da Juventude.<\/p>\n<\/div>\n<\/div>\n<\/div>\n<\/div>\n","protected":false},"excerpt":{"rendered":"<p>As tr\u00eas bandas conquistenses que animar\u00e3o a pr\u00e9via come\u00e7am a se apresentar a partir das 16h, gratuitamente O Festival da Juventude \u2013 Ano III est\u00e1 chegando e, para fazer a cidade entrar no clima do evento, a Prefeitura de Vit\u00f3ria da Conquista preparou uma surpresa: acontece nesse s\u00e1bado, 25, a Pr\u00e9via do Festival com as [&hellip;]<\/p>\n","protected":false},"author":1,"featured_media":35028,"comment_status":"open","ping_status":"closed","sticky":false,"template":"","format":"standard","meta":[],"categories":[4],"tags":[],"_links":{"self":[{"href":"https:\/\/blitzconquista.com.br\/index.php?rest_route=\/wp\/v2\/posts\/35304"}],"collection":[{"href":"https:\/\/blitzconquista.com.br\/index.php?rest_route=\/wp\/v2\/posts"}],"about":[{"href":"https:\/\/blitzconquista.com.br\/index.php?rest_route=\/wp\/v2\/types\/post"}],"author":[{"embeddable":true,"href":"https:\/\/blitzconquista.com.br\/index.php?rest_route=\/wp\/v2\/users\/1"}],"replies":[{"embeddable":true,"href":"https:\/\/blitzconquista.com.br\/index.php?rest_route=%2Fwp%2Fv2%2Fcomments&post=35304"}],"version-history":[{"count":0,"href":"https:\/\/blitzconquista.com.br\/index.php?rest_route=\/wp\/v2\/posts\/35304\/revisions"}],"wp:featuredmedia":[{"embeddable":true,"href":"https:\/\/blitzconquista.com.br\/index.php?rest_route=\/wp\/v2\/media\/35028"}],"wp:attachment":[{"href":"https:\/\/blitzconquista.com.br\/index.php?rest_route=%2Fwp%2Fv2%2Fmedia&parent=35304"}],"wp:term":[{"taxonomy":"category","embeddable":true,"href":"https:\/\/blitzconquista.com.br\/index.php?rest_route=%2Fwp%2Fv2%2Fcategories&post=35304"},{"taxonomy":"post_tag","embeddable":true,"href":"https:\/\/blitzconquista.com.br\/index.php?rest_route=%2Fwp%2Fv2%2Ftags&post=35304"}],"curies":[{"name":"wp","href":"https:\/\/api.w.org\/{rel}","templated":true}]}}