{"id":35320,"date":"2015-04-23T00:12:19","date_gmt":"2015-04-23T03:12:19","guid":{"rendered":"http:\/\/blitzconquista.com.br\/?p=35320"},"modified":"2015-04-23T00:12:19","modified_gmt":"2015-04-23T03:12:19","slug":"policia-militar-completa-190-anos-de-combate-a-criminalidade","status":"publish","type":"post","link":"https:\/\/blitzconquista.com.br\/?p=35320","title":{"rendered":"Pol\u00edcia Militar completa 190 anos de combate \u00e0 criminalidade"},"content":{"rendered":"<p>Em comemora\u00e7\u00e3o aos 190 anos da Pol\u00edcia Militar da Bahia, foi realizada na noite desta quarta-feira (22) uma solenidade c\u00edvico-militar na Vila Militar do Bonfim, em Salvador, onde policiais foram homenageados pela promo\u00e7\u00e3o da seguran\u00e7a p\u00fablica e pelas atividades de combate \u00e0 viol\u00eancia no estado. Presente no evento, o governador Rui Costa destacou a import\u00e2ncia de agradecer publicamente os homens e mulheres que escolheram como profiss\u00e3o defender e honrar a hist\u00f3ria da corpora\u00e7\u00e3o.<\/p>\n<p>Na cerim\u00f4nia, que tamb\u00e9m teve a presen\u00e7a de representantes das For\u00e7as Armadas, foram entregues as medalhas \u2018M\u00e9rito Policial Militar\u2019 e \u2018M\u00e9rito Marechal Argolo Vicente de Itaparica\u2019 a civis e militares que prestaram relevantes servi\u00e7os \u00e0 corpora\u00e7\u00e3o. Dentre eles, o procurador-geral do Estado, M\u00e1rcio Fahel, e os secret\u00e1rios estaduais de Cultura, Jorge Portugal, da Seguran\u00e7a P\u00fablica, Maur\u00edcio Barbosa, da Fazenda, Manoel Vit\u00f3rio, da Sa\u00fade, F\u00e1bio Vilas-Boas, e de Comunica\u00e7\u00e3o, Andr\u00e9 Curvello.<\/p>\n","protected":false},"excerpt":{"rendered":"<p>Em comemora\u00e7\u00e3o aos 190 anos da Pol\u00edcia Militar da Bahia, foi realizada na noite desta quarta-feira (22) uma solenidade c\u00edvico-militar na Vila Militar do Bonfim, em Salvador, onde policiais foram homenageados pela promo\u00e7\u00e3o da seguran\u00e7a p\u00fablica e pelas atividades de combate \u00e0 viol\u00eancia no estado. Presente no evento, o governador Rui Costa destacou a import\u00e2ncia [&hellip;]<\/p>\n","protected":false},"author":1,"featured_media":35308,"comment_status":"open","ping_status":"closed","sticky":false,"template":"","format":"standard","meta":[],"categories":[3],"tags":[],"_links":{"self":[{"href":"https:\/\/blitzconquista.com.br\/index.php?rest_route=\/wp\/v2\/posts\/35320"}],"collection":[{"href":"https:\/\/blitzconquista.com.br\/index.php?rest_route=\/wp\/v2\/posts"}],"about":[{"href":"https:\/\/blitzconquista.com.br\/index.php?rest_route=\/wp\/v2\/types\/post"}],"author":[{"embeddable":true,"href":"https:\/\/blitzconquista.com.br\/index.php?rest_route=\/wp\/v2\/users\/1"}],"replies":[{"embeddable":true,"href":"https:\/\/blitzconquista.com.br\/index.php?rest_route=%2Fwp%2Fv2%2Fcomments&post=35320"}],"version-history":[{"count":0,"href":"https:\/\/blitzconquista.com.br\/index.php?rest_route=\/wp\/v2\/posts\/35320\/revisions"}],"wp:featuredmedia":[{"embeddable":true,"href":"https:\/\/blitzconquista.com.br\/index.php?rest_route=\/wp\/v2\/media\/35308"}],"wp:attachment":[{"href":"https:\/\/blitzconquista.com.br\/index.php?rest_route=%2Fwp%2Fv2%2Fmedia&parent=35320"}],"wp:term":[{"taxonomy":"category","embeddable":true,"href":"https:\/\/blitzconquista.com.br\/index.php?rest_route=%2Fwp%2Fv2%2Fcategories&post=35320"},{"taxonomy":"post_tag","embeddable":true,"href":"https:\/\/blitzconquista.com.br\/index.php?rest_route=%2Fwp%2Fv2%2Ftags&post=35320"}],"curies":[{"name":"wp","href":"https:\/\/api.w.org\/{rel}","templated":true}]}}