{"id":35736,"date":"2015-05-02T13:53:16","date_gmt":"2015-05-02T16:53:16","guid":{"rendered":"http:\/\/blitzconquista.com.br\/?p=35736"},"modified":"2015-05-02T13:55:43","modified_gmt":"2015-05-02T16:55:43","slug":"vacinacao-contra-a-gripe-comeca-na-segunda-feira-em-todo-o-pais","status":"publish","type":"post","link":"https:\/\/blitzconquista.com.br\/?p=35736","title":{"rendered":"Vacina\u00e7\u00e3o contra a gripe come\u00e7a na segunda-feira em todo o pa\u00eds"},"content":{"rendered":"<p>A Campanha de Vacina\u00e7\u00e3o contra a Gripe come\u00e7a na pr\u00f3xima segunda-feira (4) em 65 mil postos de sa\u00fade espalhados pelo pa\u00eds. Ser\u00e3o disponibilizados 54 milh\u00f5es de doses para a imuniza\u00e7\u00e3o de 49,7 milh\u00f5es de pessoas. A meta do governo \u00e9 vacinar 80% do p\u00fablico-alvo.<\/p>\n<p>Devem ser imunizadas crian\u00e7as com mais de 6 meses e menores de 5 anos, pessoas com mais de 60 anos, trabalhadores da sa\u00fade, povos ind\u00edgenas, gestantes, pu\u00e9rperas (mulheres at\u00e9 45 dias ap\u00f3s o parto), presos e funcion\u00e1rios do sistema prisional. \u00c9 importante levar aos postos de sa\u00fade o cart\u00e3o de vacina\u00e7\u00e3o e um documento de identifica\u00e7\u00e3o.<\/p>\n<figure id=\"attachment_35739\" aria-describedby=\"caption-attachment-35739\" style=\"width: 498px\" class=\"wp-caption aligncenter\"><img decoding=\"async\" loading=\"lazy\" class=\" wp-image-35739\" src=\"http:\/\/blitzconquista.com.br\/wp-content\/uploads\/2015\/05\/vacina_31.jpg\" alt=\"Entre os que devem ser imunizados est\u00e3o crian\u00e7as com mais de 6 meses e menores de 5 anos, pessoas com mais de 60 anos e trabalhadores da sa\u00fade (Marcelo Camargo\/Ag\u00eancia Brasil)\" width=\"498\" height=\"249\" srcset=\"https:\/\/blitzconquista.com.br\/wp-content\/uploads\/2015\/05\/vacina_31.jpg 340w, https:\/\/blitzconquista.com.br\/wp-content\/uploads\/2015\/05\/vacina_31-300x150.jpg 300w\" sizes=\"(max-width: 498px) 100vw, 498px\" \/><figcaption id=\"caption-attachment-35739\" class=\"wp-caption-text\">Entre os que devem ser imunizados est\u00e3o crian\u00e7as com mais de 6 meses e menores de 5 anos, pessoas com mais de 60 anos e trabalhadores da sa\u00fade (Marcelo Camargo\/Ag\u00eancia Brasil)<\/figcaption><\/figure>\n<p>Tamb\u00e9m ser\u00e3o vacinadas pessoas com doen\u00e7as cr\u00f4nicas n\u00e3o transmiss\u00edveis ou com condi\u00e7\u00f5es cl\u00ednicas especiais. Neste caso \u00e9 preciso levar tamb\u00e9m uma prescri\u00e7\u00e3o m\u00e9dica especificando o motivo da indica\u00e7\u00e3o da dose.<\/p>\n<p>Pacientes que participam de programas de controle de doen\u00e7as cr\u00f4nicas no Sistema \u00danico de Sa\u00fade devem ir aos postos onde est\u00e3o cadastrados para receber a dose, sem necessidade da prescri\u00e7\u00e3o m\u00e9dica.<\/p>\n<p>O Minist\u00e9rio da Sa\u00fade destaca que a vacina \u00e9 segura e consiste em uma das medidas mais eficazes de preven\u00e7\u00e3o a complica\u00e7\u00f5es e casos graves de gripe. Segundo a pasta, estudos demonstram que a imuniza\u00e7\u00e3o pode reduzir entre 32% e 45% o n\u00famero de pessoas que recorrem aos hospitais por pneumonias e de 39% a 75% a mortalidade por complica\u00e7\u00f5es decorrentes da influenza.<\/p>\n<p>Como o organismo leva, em m\u00e9dia, de duas a tr\u00eas semanas para criar os anticorpos que geram prote\u00e7\u00e3o contra a gripe ap\u00f3s a vacina\u00e7\u00e3o, o governo ressaltou que \u00e9 fundamental realizar a imuniza\u00e7\u00e3o no per\u00edodo da campanha para garantir a prote\u00e7\u00e3o antes do in\u00edcio do inverno. A campanha termina no dia 22 de maio.<\/p>\n<p><img decoding=\"async\" loading=\"lazy\" class=\"alignnone size-full wp-image-32052\" src=\"http:\/\/blitzconquista.com.br\/wp-content\/uploads\/2015\/01\/agencia_brasil_logo.png\" alt=\"agencia_brasil_logo\" width=\"130\" height=\"27\" \/><\/p>\n","protected":false},"excerpt":{"rendered":"<p>A Campanha de Vacina\u00e7\u00e3o contra a Gripe come\u00e7a na pr\u00f3xima segunda-feira (4) em 65 mil postos de sa\u00fade espalhados pelo pa\u00eds. Ser\u00e3o disponibilizados 54 milh\u00f5es de doses para a imuniza\u00e7\u00e3o de 49,7 milh\u00f5es de pessoas. A meta do governo \u00e9 vacinar 80% do p\u00fablico-alvo. Devem ser imunizadas crian\u00e7as com mais de 6 meses e menores [&hellip;]<\/p>\n","protected":false},"author":1,"featured_media":35737,"comment_status":"open","ping_status":"closed","sticky":false,"template":"","format":"standard","meta":[],"categories":[30],"tags":[],"_links":{"self":[{"href":"https:\/\/blitzconquista.com.br\/index.php?rest_route=\/wp\/v2\/posts\/35736"}],"collection":[{"href":"https:\/\/blitzconquista.com.br\/index.php?rest_route=\/wp\/v2\/posts"}],"about":[{"href":"https:\/\/blitzconquista.com.br\/index.php?rest_route=\/wp\/v2\/types\/post"}],"author":[{"embeddable":true,"href":"https:\/\/blitzconquista.com.br\/index.php?rest_route=\/wp\/v2\/users\/1"}],"replies":[{"embeddable":true,"href":"https:\/\/blitzconquista.com.br\/index.php?rest_route=%2Fwp%2Fv2%2Fcomments&post=35736"}],"version-history":[{"count":0,"href":"https:\/\/blitzconquista.com.br\/index.php?rest_route=\/wp\/v2\/posts\/35736\/revisions"}],"wp:featuredmedia":[{"embeddable":true,"href":"https:\/\/blitzconquista.com.br\/index.php?rest_route=\/wp\/v2\/media\/35737"}],"wp:attachment":[{"href":"https:\/\/blitzconquista.com.br\/index.php?rest_route=%2Fwp%2Fv2%2Fmedia&parent=35736"}],"wp:term":[{"taxonomy":"category","embeddable":true,"href":"https:\/\/blitzconquista.com.br\/index.php?rest_route=%2Fwp%2Fv2%2Fcategories&post=35736"},{"taxonomy":"post_tag","embeddable":true,"href":"https:\/\/blitzconquista.com.br\/index.php?rest_route=%2Fwp%2Fv2%2Ftags&post=35736"}],"curies":[{"name":"wp","href":"https:\/\/api.w.org\/{rel}","templated":true}]}}