{"id":35831,"date":"2015-05-05T12:57:25","date_gmt":"2015-05-05T15:57:25","guid":{"rendered":"http:\/\/blitzconquista.com.br\/?p=35831"},"modified":"2015-05-05T12:57:25","modified_gmt":"2015-05-05T15:57:25","slug":"dunga-convoca-23-jogadores-para-a-copa-america-confira-a-lista-final","status":"publish","type":"post","link":"https:\/\/blitzconquista.com.br\/?p=35831","title":{"rendered":"Dunga convoca 23 jogadores para a Copa Am\u00e9rica; confira a lista final"},"content":{"rendered":"<p>O t\u00e9cnico Dunga anunciou, na manh\u00e3 desta ter\u00e7a-feira (5), na sede da Confedera\u00e7\u00e3o Brasileira de Futebol (CBF), a lista final com os nomes dos 23 jogadores que disputar\u00e3o o primeiro campeonato oficial da Sele\u00e7\u00e3o Brasileira desde a Copa do Mundo do ano passado: a Copa Am\u00e9rica, que ser\u00e1 entre os dias 11 de junho e 4 de julho, no Chile.<\/p>\n<h3>Veja a lista dos convocados:<\/h3>\n<h3>GOLEIROS<\/h3>\n<p>Jefferson (Botafogo)<\/p>\n<p>Diego Alves (Valencia)<\/p>\n<p>Marcelo Grohe (Gr\u00eamio)<\/p>\n<p>&nbsp;<\/p>\n<p>ZAGUEIROS<\/p>\n<p>David Luiz (Paris Saint-Germain)<\/p>\n<p>Marquinhos (Paris Saint-Germain)<\/p>\n<p>Thiago Silva (Paris Saint-Germain)<\/p>\n<p>Miranda (Atl\u00e9tico de Madrid)<\/p>\n<p>&nbsp;<\/p>\n<p>LATERAIS<\/p>\n<p>Fabinho\u00a0(M\u00f4naco)<\/p>\n<p>Marcelo (Real Madrid)<\/p>\n<p>Filipe Lu\u00eds (Chelsea)<\/p>\n<p>Danilo (Porto)<\/p>\n<p>&nbsp;<\/p>\n<p>MEIO-CAMPO<\/p>\n<p>Luiz Gustavo (Wolfsburg)<\/p>\n<p>Fernandinho (Manchester City)<\/p>\n<p>Elias (Corinthians)<\/p>\n<p>Casemiro (Porto)<\/p>\n<h3>MEIA-ATACANTES \/ ATACANTES<\/h3>\n<p>Everton Ribeiro (Al-Ahli)<\/p>\n<p>Douglas Costa (Shakhtar Donetsk)<\/p>\n<p>Willian (Chelsea)<\/p>\n<p>Philippe Coutinho (Liverpool)<\/p>\n<p>Neymar (Barcelona)<\/p>\n<p>Diego Tardelli (Shandong Luneng)<\/p>\n<p>Robinho (Santos)<\/p>\n<p>Roberto Firmino (Hoffenheim)<\/p>\n<p>&#8220;Confiamos em todos que colocamos na lista. Se n\u00f3s trouxemos estes jogadores para a Sele\u00e7\u00e3o Brasileira, \u00e9 porque confiamos neles. \u00c9 claro que o treinador \u00e9 que vai escolher os 11 que v\u00e3o jogar, mas todos fazem parte do grupo&#8221;, afirmou Dunga, em entrevista coletiva. &#8220;A gente tenta buscar o que \u00e9 melhor para a Sele\u00e7\u00e3o Brasileira, montar a equipe dentro de um padr\u00e3o. Analisamos o rendimento que estes jogadores tiveram nos \u00faltimos jogos pela Sele\u00e7\u00e3o para montar uma sele\u00e7\u00e3o competitiva, que mescle experi\u00eancia e juventude&#8221;.<\/p>\n<p>O Brasil come\u00e7a a caminhada pelo nono t\u00edtulo continental no Grupo C, junto com Col\u00f4mbia, Peru e Venezuela. Os dois primeiros colocados de cada grupo avan\u00e7am para a fase final, al\u00e9m dos dois melhores terceiros colocados, totalizando os quatro confrontos das quartas de final. A partir da\u00ed e at\u00e9 a final, os duelos s\u00e3o eliminat\u00f3rios.<\/p>\n<p>Na primeira fase, o Brasil faz sua estreia contra o Peru, no dia 14 de junho. No dia 17, a Sele\u00e7\u00e3o joga contra a Col\u00f4mbia, e enfrenta a Venezuela na terceira rodada, no dia 21. Doze pa\u00edses est\u00e3o na Copa Am\u00e9rica: o anfitri\u00e3o Chile, Equador, Bol\u00edvia, Argentina, Uruguai, Paraguai, Brasil, Col\u00f4mbia, Peru, Venezuela, M\u00e9xico e Jamaica &#8211; estes dois \u00faltimos como pa\u00edses convidados pela Conmebol.<\/p>\n<p>A apresenta\u00e7\u00e3o dos jogadores est\u00e1 prevista para o dia 1\u00ba de junho, na Granja Comary, para uma bateria de exames m\u00e9dicos e testes f\u00edsicos. O per\u00edodo\u00a0de treinos deve come\u00e7ar na quarta-feira (3). No dia 7 de junho, \u00e0s 17h, o Brasil tem amistoso contra o M\u00e9xico, no\u00a0Allianz Parque &#8211; o est\u00e1dio do Palmeiras -, em S\u00e3o Paulo. O selecionado encerra a prepara\u00e7\u00e3o para a Copa Am\u00e9rica com outro jogo amistoso, desta vez em Porto Alegre, no est\u00e1dio Beira-Rio, no dia 10 de junho. O advers\u00e1rio \u00e9 a sele\u00e7\u00e3o de Honduras.\u00a0A delega\u00e7\u00e3o segue viagem para\u00a0Temuco, no Chile, no dia 12 de junho.<\/p>\n<h3>Queda precoce<\/h3>\n<p>Mano Menezes era o t\u00e9cnico que estava \u00e0 frente da Sele\u00e7\u00e3o na \u00faltima edi\u00e7\u00e3o da Copa Am\u00e9rica, em 2011, na Argentina: na ocasi\u00e3o, o Brasil garantiu a lideran\u00e7a do Grupo B gra\u00e7as ao saldo de gols &#8211; o time nacional fez os mesmos cinco pontos que a Venezuela, mas terminou com dois gols de saldo, contra um dos venezuelanos.<\/p>\n<p>A elimina\u00e7\u00e3o veio logo nas quartas de final, diante do Paraguai: depois de um zero a zero no tempo regulamentar, \u00a0Elano, Thiago Silva, Andr\u00e9 Santos e Fred desperdi\u00e7aram suas cobran\u00e7as nos p\u00eanaltis e o Paraguai s\u00f3 precisou converter duas penalidades para chegar \u00e0s semifinais.<\/p>\n","protected":false},"excerpt":{"rendered":"<p>O t\u00e9cnico Dunga anunciou, na manh\u00e3 desta ter\u00e7a-feira (5), na sede da Confedera\u00e7\u00e3o Brasileira de Futebol (CBF), a lista final com os nomes dos 23 jogadores que disputar\u00e3o o primeiro campeonato oficial da Sele\u00e7\u00e3o Brasileira desde a Copa do Mundo do ano passado: a Copa Am\u00e9rica, que ser\u00e1 entre os dias 11 de junho e [&hellip;]<\/p>\n","protected":false},"author":1,"featured_media":35832,"comment_status":"open","ping_status":"closed","sticky":false,"template":"","format":"standard","meta":[],"categories":[1],"tags":[],"_links":{"self":[{"href":"https:\/\/blitzconquista.com.br\/index.php?rest_route=\/wp\/v2\/posts\/35831"}],"collection":[{"href":"https:\/\/blitzconquista.com.br\/index.php?rest_route=\/wp\/v2\/posts"}],"about":[{"href":"https:\/\/blitzconquista.com.br\/index.php?rest_route=\/wp\/v2\/types\/post"}],"author":[{"embeddable":true,"href":"https:\/\/blitzconquista.com.br\/index.php?rest_route=\/wp\/v2\/users\/1"}],"replies":[{"embeddable":true,"href":"https:\/\/blitzconquista.com.br\/index.php?rest_route=%2Fwp%2Fv2%2Fcomments&post=35831"}],"version-history":[{"count":0,"href":"https:\/\/blitzconquista.com.br\/index.php?rest_route=\/wp\/v2\/posts\/35831\/revisions"}],"wp:featuredmedia":[{"embeddable":true,"href":"https:\/\/blitzconquista.com.br\/index.php?rest_route=\/wp\/v2\/media\/35832"}],"wp:attachment":[{"href":"https:\/\/blitzconquista.com.br\/index.php?rest_route=%2Fwp%2Fv2%2Fmedia&parent=35831"}],"wp:term":[{"taxonomy":"category","embeddable":true,"href":"https:\/\/blitzconquista.com.br\/index.php?rest_route=%2Fwp%2Fv2%2Fcategories&post=35831"},{"taxonomy":"post_tag","embeddable":true,"href":"https:\/\/blitzconquista.com.br\/index.php?rest_route=%2Fwp%2Fv2%2Ftags&post=35831"}],"curies":[{"name":"wp","href":"https:\/\/api.w.org\/{rel}","templated":true}]}}