{"id":36017,"date":"2015-05-10T22:52:32","date_gmt":"2015-05-11T01:52:32","guid":{"rendered":"http:\/\/blitzconquista.com.br\/?p=36017"},"modified":"2015-05-10T22:52:32","modified_gmt":"2015-05-11T01:52:32","slug":"presidente-do-vitoria-da-conquista-emite-nota-de-repudio-a-tv-bahia","status":"publish","type":"post","link":"https:\/\/blitzconquista.com.br\/?p=36017","title":{"rendered":"Presidente do Vit\u00f3ria da Conquista emite nota de rep\u00fadio a TV Bahia"},"content":{"rendered":"<p>O Presidente do Vit\u00f3ria da Conquista, Ederlane Amorim, emitiu uma nota no site ocifial do clube para repudiar a veicula\u00e7\u00e3o por meio da TV BAHIA, de uma chamada para a partida do Bahia pela S\u00e9rie B do Campeonato Brasileiro, utilizando o nome do Vit\u00f3ria da Conquista clube e consequentemente da nossa cidade de forma pejorativa.<\/p>\n<p><strong>Confira a nota:<\/strong><\/p>\n<p>Por entender que pela parceria que esta emissora tem com a Federa\u00e7\u00e3o Bahiana de Futebol, sendo respons\u00e1vel pela transmiss\u00e3o do campeonato estadual, deveria atuar como incentivadora deste esporte no estado, principalmente no interior do estado, onde os clubes enfrentam grandes dificuldades para fazer um trabalho s\u00e9rio. Chegar a uma decis\u00e3o do Campeonato Baiano n\u00e3o \u00e9 tarefa f\u00e1cil para um clube do interior, diante da for\u00e7a e express\u00e3o da dupla Bahia e Vit\u00f3ria no cen\u00e1rio esportivo estadual, e ainda assim, o VIT\u00d3RIA DA CONQUISTA o fez com maestria em 2015, chegando \u00e0 \u00faltima partida da competi\u00e7\u00e3o invicta e com amplas possibilidades da conquista do primeiro lugar.<\/p>\n<p>A forma desrespeitosa com que o nosso clube e a nossa cidade foram tratadas provocou grande revolta em nossa diretoria, torcedores e em conquistenses de um modo geral.<\/p>\n<p>Assim, em face deste flagrante desrespeito vimos por meio desta solicitar a pronta retrata\u00e7\u00e3o por parte dos respons\u00e1veis pela infeliz veicula\u00e7\u00e3o e o compromisso de evitar futuras utiliza\u00e7\u00f5es do nosso nome de forma que venham denegrir a imagem do clube, fazendo o presente rep\u00fadio em homenagem a todos os profissionais e torcedores do Bode que, com zelo, dedica\u00e7\u00e3o e respeito, fizeram um grande campeonato estadual de futebol, sendo inclusive um dos destaques na premia\u00e7\u00e3o dos melhores da competi\u00e7\u00e3o.<\/p>\n<p><em>Fonte: ECPP \/ publicado por Cidade Esportes<\/em><\/p>\n","protected":false},"excerpt":{"rendered":"<p>O Presidente do Vit\u00f3ria da Conquista, Ederlane Amorim, emitiu uma nota no site ocifial do clube para repudiar a veicula\u00e7\u00e3o por meio da TV BAHIA, de uma chamada para a partida do Bahia pela S\u00e9rie B do Campeonato Brasileiro, utilizando o nome do Vit\u00f3ria da Conquista clube e consequentemente da nossa cidade de forma pejorativa. [&hellip;]<\/p>\n","protected":false},"author":1,"featured_media":36018,"comment_status":"open","ping_status":"closed","sticky":false,"template":"","format":"standard","meta":[],"categories":[1],"tags":[],"_links":{"self":[{"href":"https:\/\/blitzconquista.com.br\/index.php?rest_route=\/wp\/v2\/posts\/36017"}],"collection":[{"href":"https:\/\/blitzconquista.com.br\/index.php?rest_route=\/wp\/v2\/posts"}],"about":[{"href":"https:\/\/blitzconquista.com.br\/index.php?rest_route=\/wp\/v2\/types\/post"}],"author":[{"embeddable":true,"href":"https:\/\/blitzconquista.com.br\/index.php?rest_route=\/wp\/v2\/users\/1"}],"replies":[{"embeddable":true,"href":"https:\/\/blitzconquista.com.br\/index.php?rest_route=%2Fwp%2Fv2%2Fcomments&post=36017"}],"version-history":[{"count":0,"href":"https:\/\/blitzconquista.com.br\/index.php?rest_route=\/wp\/v2\/posts\/36017\/revisions"}],"wp:featuredmedia":[{"embeddable":true,"href":"https:\/\/blitzconquista.com.br\/index.php?rest_route=\/wp\/v2\/media\/36018"}],"wp:attachment":[{"href":"https:\/\/blitzconquista.com.br\/index.php?rest_route=%2Fwp%2Fv2%2Fmedia&parent=36017"}],"wp:term":[{"taxonomy":"category","embeddable":true,"href":"https:\/\/blitzconquista.com.br\/index.php?rest_route=%2Fwp%2Fv2%2Fcategories&post=36017"},{"taxonomy":"post_tag","embeddable":true,"href":"https:\/\/blitzconquista.com.br\/index.php?rest_route=%2Fwp%2Fv2%2Ftags&post=36017"}],"curies":[{"name":"wp","href":"https:\/\/api.w.org\/{rel}","templated":true}]}}