{"id":36107,"date":"2015-05-15T00:32:38","date_gmt":"2015-05-15T03:32:38","guid":{"rendered":"http:\/\/blitzconquista.com.br\/?p=36107"},"modified":"2015-05-15T01:10:39","modified_gmt":"2015-05-15T04:10:39","slug":"gestores-admitem-dificuldades-para-administrar-estadios-que-se-tornaram-deficitarios","status":"publish","type":"post","link":"https:\/\/blitzconquista.com.br\/?p=36107","title":{"rendered":"Gestores admitem dificuldades para administrar est\u00e1dios, que se tornaram deficit\u00e1rios"},"content":{"rendered":"<p>Gestores p\u00fablicos admitiram nesta quarta-feira (13) dificuldades na administra\u00e7\u00e3o de est\u00e1dios constru\u00eddos ou reformados para a Copa de 2014, que se tornaram deficit\u00e1rios ap\u00f3s o evento. Os desafios em torno dos chamados &#8220;elefantes brancos&#8221; da Copa foram debatidos na Comiss\u00e3o do Esporte da C\u00e2mara dos Deputados.<\/p>\n<p>A iniciativa partiu do deputado Valadares Filho (PSB-SE), com base em reportagem da BBC Brasil, que apontava preju\u00edzo de cerca de R$ 10 milh\u00f5es para o contribuinte por causa da subutiliza\u00e7\u00e3o das arenas de Cuiab\u00e1, Bras\u00edlia e Manaus. Em comum, essas cidades n\u00e3o t\u00eam clubes nas principais divis\u00f5es do futebol brasileiro.<\/p>\n<h3>&#8220;Criatividade&#8221;<\/h3>\n<p>O valor do preju\u00edzo n\u00e3o foi confirmado na audi\u00eancia p\u00fablica, mas o respons\u00e1vel pelo est\u00e1dio Man\u00e9 Garrincha, o secret\u00e1rio de turismo do Distrito Federal, Jaime Recena, admitiu que \u00e9 preciso &#8220;criatividade&#8221; para manter a arena de Bras\u00edlia em atividade o ano inteiro.<\/p>\n<p>&#8220;O atual governador e eu pessoalmente fomos muito cr\u00edticos durante a constru\u00e7\u00e3o dessa arena por causa do tamanho. Na \u00e9poca, o ex-governador tomou a decis\u00e3o de construir uma arena de 72 mil lugares, e cabe \u00e0 atual gest\u00e3o trabalhar para mudar a cor desse elefante e saber de que forma essa arena pode se tornar sustent\u00e1vel. A palavra \u00e9 uma s\u00f3: criatividade. O est\u00e1dio j\u00e1 est\u00e1 constru\u00eddo e a gente precisa dar funcionalidade&#8221;, disse Recena.<\/p>\n<h3>R$ 800 mil mensais<\/h3>\n<p>Recena lembrou que o Man\u00e9 Garrincha n\u00e3o tem d\u00edvidas, mas o custo m\u00e9dio mensal de manuten\u00e7\u00e3o est\u00e1 em torno de R$ 800 mil. Desde a constru\u00e7\u00e3o, o est\u00e1dio recebeu mais de 2 milh\u00f5es de pessoas em jogos, shows, eventos e programas de visita\u00e7\u00e3o.<\/p>\n<p>Ele disse que, desde a inaugura\u00e7\u00e3o, o est\u00e1dio Man\u00e9 Garrincha sediou 103 eventos. Para este ano, j\u00e1 est\u00e3o programados jogos do Campeonato Brasileiro de futebol, como Atl\u00e9tico Mineiro e Fluminense, previsto para domingo (17); e shows internacionais, como o da banda de rock Pearl Jam, marcado para novembro.<\/p>\n<p>Tr\u00eas secretarias distritais que funcionavam em im\u00f3veis alugados foram transferidas para a arena, com economia de R$ 14 milh\u00f5es para os cofres p\u00fablicos. Um grupo de trabalho estuda novas possibilidades de uso para o est\u00e1dio, com o objetivo de coloc\u00e1-lo como estrat\u00e9gico nas pol\u00edticas de turismo e de desenvolvimento econ\u00f4mico.<\/p>\n<h3>Sem alternativas<\/h3>\n<p>O superintendente de obras da Arena Pantanal, Andr\u00e9 da Costa Ferreira, lembrou que o est\u00e1dio ainda n\u00e3o foi totalmente conclu\u00eddo, o que impede o governo do Mato Grosso de buscar alternativas de gest\u00e3o, como concess\u00e3o ou parceria p\u00fablico-privada.<\/p>\n<p>O custo mensal de manuten\u00e7\u00e3o desse est\u00e1dio em Cuiab\u00e1 varia entre R$ 500 mil e R$ 1 milh\u00e3o, valor que tem sido coberto por v\u00e1rios outros eventos, como shows, workshops e congressos.<\/p>\n<h3>Moderniza\u00e7\u00e3o do esporte<\/h3>\n<p>O presidente da Associa\u00e7\u00e3o Brasileira dos Operadores de Arenas Multiuso, Eduardo Martins, reconheceu que, apesar do foco em eventos alternativos, a principal solu\u00e7\u00e3o para as arenas est\u00e1 na melhoria da qualidade do futebol brasileiro, com campeonatos bem organizados e facilidades para o torcedor chegar aos est\u00e1dios. Ele disse que, mesmo as arenas de cidades onde o futebol \u00e9 forte precisam da moderniza\u00e7\u00e3o do esporte, sob pena de inviabiliz\u00e1-las. &#8220;Sem futebol, a arena quebra&#8221;, afirmou.<\/p>\n<p>Martins lembrou que o Campeonato Brasileiro de 2014 teve m\u00e9dia de p\u00fablico de apenas 16.555, com ocupa\u00e7\u00e3o m\u00e9dia dos est\u00e1dios de 40%, n\u00fameros muito inferiores ao do futebol europeu, onde a presen\u00e7a do p\u00fablico ajuda no faturamento dos clubes e na gest\u00e3o das arenas.<\/p>\n<p>Para a &#8220;melhoria do espet\u00e1culo&#8221; futebol\u00edstico, Martins defendeu o fortalecimento dos clubes, com financiamento de suas d\u00edvidas e a ado\u00e7\u00e3o de gest\u00e3o e or\u00e7amento profissionais. Defendeu ainda a aprova\u00e7\u00e3o final do PL 6531\/09, do deputado Deley (PTB-RJ), que prev\u00ea o chamado vale-esporte e tem capacidade de ampliar o p\u00fablico dos est\u00e1dios. A proposta j\u00e1 foi aprovada na C\u00e2mara e est\u00e1 em an\u00e1lise no Senado. Deley j\u00e1 foi jogador e t\u00e9cnico de futebol.<\/p>\n<h3>Insol\u00favel<\/h3>\n<p>Mas, para o deputado S\u00edlvio Torres (PSDB-SP), at\u00e9 o futebol brasileiro chegar a um melhor n\u00edvel, as novas arenas j\u00e1 ter\u00e3o virado &#8220;ru\u00ednas&#8221;. &#8220;Essas arenas s\u00e3o um problema que acho quase insol\u00favel. Eu n\u00e3o ouvi qual \u00e9 a proposta para viabilizar essas arenas, que t\u00eam custos alt\u00edssimos de manuten\u00e7\u00e3o e de custeio. Em um quadro em que estados e munic\u00edpios est\u00e3o quase \u00e0 beira da fal\u00eancia, eu n\u00e3o sei como isso ser\u00e1 resolvido. Acho que a gente n\u00e3o pode alimentar expectativas que podem se tornar ilus\u00f5es. Eu n\u00e3o vejo a menor possibilidade de esses est\u00e1dios serem autossuficientes.&#8221;<\/p>\n<h3>Deficit\u00e1ria<\/h3>\n<p>Deputados lembraram que, apesar de n\u00e3o citada na mat\u00e9ria da BBC, a Arena das Dunas, em Natal, tamb\u00e9m \u00e9 deficit\u00e1ria. Na Bahia, o deputado M\u00e1rcio Marinho (PRB-BA) lembrou que, recentemente, a Justi\u00e7a proibiu a realiza\u00e7\u00e3o de um evento na Arena Fonte Nova, quando os ingressos j\u00e1 estavam vendidos, o que gerou problemas para o p\u00fablico e os gestores da arena.<\/p>\n<p>Para o deputado Afonso Hamm (PP-RS), \u00e9 fundamental &#8220;o equil\u00edbrio entre o custeio e a cobertura do investimento&#8221; na constru\u00e7\u00e3o dos est\u00e1dios. Hamm tamb\u00e9m pediu os dados atualizados do Minist\u00e9rio do Esporte sobre os &#8220;benef\u00edcios&#8221; da Copa, a fim de subsidiar as a\u00e7\u00f5es da recente subcomiss\u00e3o de futebol, criada no \u00e2mbito da Comiss\u00e3o do Esporte.<\/p>\n<p>O deputado Valadares Filho tamb\u00e9m manifestou preocupa\u00e7\u00e3o com a realiza\u00e7\u00e3o de shows em \u00e1reas externas dos est\u00e1dios, o que poderia tirar o car\u00e1ter multiuso das arenas.<\/p>\n<h3>Olimp\u00edadas<\/h3>\n<p>Representante do Minist\u00e9rio do Esporte, o secret\u00e1rio nacional de Futebol e Direitos do Torcedor, Rog\u00e9rio Hamam, afirmou que as arenas est\u00e3o entre os legados da Copa com capacidade de ajudar na moderniza\u00e7\u00e3o do futebol brasileiro.<\/p>\n<p>Hamam lembrou que s\u00e3o estes est\u00e1dios os respons\u00e1veis pelo fato de Manaus e Bras\u00edlia terem sido escolhidas para tamb\u00e9m sediar jogos de futebol das Olimp\u00edadas de 2016. Os demais jogos ol\u00edmpicos ocorrer\u00e3o no Rio de Janeiro.<\/p>\n<p>Internautas participaram da audi\u00eancia p\u00fablica por meio do Portal e-democracia, com perguntas sobre o aproveitamento das arenas para o esporte universit\u00e1rio e sobre a log\u00edstica dos governos estaduais usadas em dias de eventos nesses est\u00e1dios.<\/p>\n<p><img decoding=\"async\" loading=\"lazy\" class=\"alignnone size-full wp-image-32052\" src=\"http:\/\/blitzconquista.com.br\/wp-content\/uploads\/2015\/01\/agencia_brasil_logo.png\" alt=\"agencia_brasil_logo\" width=\"130\" height=\"27\" \/><\/p>\n","protected":false},"excerpt":{"rendered":"<p>Gestores p\u00fablicos admitiram nesta quarta-feira (13) dificuldades na administra\u00e7\u00e3o de est\u00e1dios constru\u00eddos ou reformados para a Copa de 2014, que se tornaram deficit\u00e1rios ap\u00f3s o evento. Os desafios em torno dos chamados &#8220;elefantes brancos&#8221; da Copa foram debatidos na Comiss\u00e3o do Esporte da C\u00e2mara dos Deputados. A iniciativa partiu do deputado Valadares Filho (PSB-SE), com [&hellip;]<\/p>\n","protected":false},"author":1,"featured_media":36108,"comment_status":"open","ping_status":"closed","sticky":false,"template":"","format":"standard","meta":[],"categories":[1],"tags":[],"_links":{"self":[{"href":"https:\/\/blitzconquista.com.br\/index.php?rest_route=\/wp\/v2\/posts\/36107"}],"collection":[{"href":"https:\/\/blitzconquista.com.br\/index.php?rest_route=\/wp\/v2\/posts"}],"about":[{"href":"https:\/\/blitzconquista.com.br\/index.php?rest_route=\/wp\/v2\/types\/post"}],"author":[{"embeddable":true,"href":"https:\/\/blitzconquista.com.br\/index.php?rest_route=\/wp\/v2\/users\/1"}],"replies":[{"embeddable":true,"href":"https:\/\/blitzconquista.com.br\/index.php?rest_route=%2Fwp%2Fv2%2Fcomments&post=36107"}],"version-history":[{"count":0,"href":"https:\/\/blitzconquista.com.br\/index.php?rest_route=\/wp\/v2\/posts\/36107\/revisions"}],"wp:featuredmedia":[{"embeddable":true,"href":"https:\/\/blitzconquista.com.br\/index.php?rest_route=\/wp\/v2\/media\/36108"}],"wp:attachment":[{"href":"https:\/\/blitzconquista.com.br\/index.php?rest_route=%2Fwp%2Fv2%2Fmedia&parent=36107"}],"wp:term":[{"taxonomy":"category","embeddable":true,"href":"https:\/\/blitzconquista.com.br\/index.php?rest_route=%2Fwp%2Fv2%2Fcategories&post=36107"},{"taxonomy":"post_tag","embeddable":true,"href":"https:\/\/blitzconquista.com.br\/index.php?rest_route=%2Fwp%2Fv2%2Ftags&post=36107"}],"curies":[{"name":"wp","href":"https:\/\/api.w.org\/{rel}","templated":true}]}}