{"id":38588,"date":"2015-07-29T15:04:14","date_gmt":"2015-07-29T18:04:14","guid":{"rendered":"http:\/\/blitzconquista.com.br\/?p=38588"},"modified":"2015-07-29T17:44:56","modified_gmt":"2015-07-29T20:44:56","slug":"adolescente-desaparecido-e-encontrado-morto-2","status":"publish","type":"post","link":"https:\/\/blitzconquista.com.br\/?p=38588","title":{"rendered":"Homem desaparecido \u00e9 encontrado morto"},"content":{"rendered":"<p>O corpo de Malaquias Pereira Sena,\u00a0\u00a030, desaparecido desde segunda-feira, 27, foi encontrado no in\u00edcio da tarde desta quarta-feira, 29, no bairro Bruno Bacelar.<\/p>\n<p><img decoding=\"async\" loading=\"lazy\" class=\" size-full wp-image-38589 aligncenter\" src=\"http:\/\/blitzconquista.com.br\/wp-content\/uploads\/2015\/07\/AgQJzXr7itjJx790yPefow2tBhwSi1-tbu8IVM4qkYWi.jpg\" alt=\"AgQJzXr7itjJx790yPefow2tBhwSi1-tbu8IVM4qkYWi\" width=\"680\" height=\"450\" srcset=\"https:\/\/blitzconquista.com.br\/wp-content\/uploads\/2015\/07\/AgQJzXr7itjJx790yPefow2tBhwSi1-tbu8IVM4qkYWi.jpg 680w, https:\/\/blitzconquista.com.br\/wp-content\/uploads\/2015\/07\/AgQJzXr7itjJx790yPefow2tBhwSi1-tbu8IVM4qkYWi-300x199.jpg 300w\" sizes=\"(max-width: 680px) 100vw, 680px\" \/><\/p>\n<p>J\u00e1 sem esperan\u00e7as que Malaquias\u00a0estivesse vivo, familiares e amigos passaram a procurar a v\u00edtima nos matagais do bairro e acabaram encontrando o corpo enterrado numa cova rasa, ap\u00f3s um cachorro insistir em permanecer no local.<\/p>\n<p><img decoding=\"async\" loading=\"lazy\" class=\" size-full wp-image-38591 aligncenter\" src=\"http:\/\/blitzconquista.com.br\/wp-content\/uploads\/2015\/07\/AsPdgs5j_kvCK8dafIZK8xtKmE7HxnGVyW8ueB0mSHH3.jpg\" alt=\"AsPdgs5j_kvCK8dafIZK8xtKmE7HxnGVyW8ueB0mSHH3\" width=\"680\" height=\"450\" srcset=\"https:\/\/blitzconquista.com.br\/wp-content\/uploads\/2015\/07\/AsPdgs5j_kvCK8dafIZK8xtKmE7HxnGVyW8ueB0mSHH3.jpg 680w, https:\/\/blitzconquista.com.br\/wp-content\/uploads\/2015\/07\/AsPdgs5j_kvCK8dafIZK8xtKmE7HxnGVyW8ueB0mSHH3-300x199.jpg 300w\" sizes=\"(max-width: 680px) 100vw, 680px\" \/><\/p>\n<p>A Pol\u00edcia Civil, por meio da Delegacia de Homic\u00eddios, j\u00e1 iniciou as investiga\u00e7\u00f5es do crime.<\/p>\n","protected":false},"excerpt":{"rendered":"<p>O corpo de Malaquias Pereira Sena,\u00a0\u00a030, desaparecido desde segunda-feira, 27, foi encontrado no in\u00edcio da tarde desta quarta-feira, 29, no bairro Bruno Bacelar. J\u00e1 sem esperan\u00e7as que Malaquias\u00a0estivesse vivo, familiares e amigos passaram a procurar a v\u00edtima nos matagais do bairro e acabaram encontrando o corpo enterrado numa cova rasa, ap\u00f3s um cachorro insistir em [&hellip;]<\/p>\n","protected":false},"author":1,"featured_media":38592,"comment_status":"open","ping_status":"closed","sticky":false,"template":"","format":"standard","meta":[],"categories":[3],"tags":[],"_links":{"self":[{"href":"https:\/\/blitzconquista.com.br\/index.php?rest_route=\/wp\/v2\/posts\/38588"}],"collection":[{"href":"https:\/\/blitzconquista.com.br\/index.php?rest_route=\/wp\/v2\/posts"}],"about":[{"href":"https:\/\/blitzconquista.com.br\/index.php?rest_route=\/wp\/v2\/types\/post"}],"author":[{"embeddable":true,"href":"https:\/\/blitzconquista.com.br\/index.php?rest_route=\/wp\/v2\/users\/1"}],"replies":[{"embeddable":true,"href":"https:\/\/blitzconquista.com.br\/index.php?rest_route=%2Fwp%2Fv2%2Fcomments&post=38588"}],"version-history":[{"count":0,"href":"https:\/\/blitzconquista.com.br\/index.php?rest_route=\/wp\/v2\/posts\/38588\/revisions"}],"wp:featuredmedia":[{"embeddable":true,"href":"https:\/\/blitzconquista.com.br\/index.php?rest_route=\/wp\/v2\/media\/38592"}],"wp:attachment":[{"href":"https:\/\/blitzconquista.com.br\/index.php?rest_route=%2Fwp%2Fv2%2Fmedia&parent=38588"}],"wp:term":[{"taxonomy":"category","embeddable":true,"href":"https:\/\/blitzconquista.com.br\/index.php?rest_route=%2Fwp%2Fv2%2Fcategories&post=38588"},{"taxonomy":"post_tag","embeddable":true,"href":"https:\/\/blitzconquista.com.br\/index.php?rest_route=%2Fwp%2Fv2%2Ftags&post=38588"}],"curies":[{"name":"wp","href":"https:\/\/api.w.org\/{rel}","templated":true}]}}