{"id":38659,"date":"2015-08-01T00:15:00","date_gmt":"2015-08-01T03:15:00","guid":{"rendered":"http:\/\/blitzconquista.com.br\/?p=38659"},"modified":"2015-08-01T00:15:00","modified_gmt":"2015-08-01T03:15:00","slug":"oito-em-cada-dez-brasileiros-tem-medo-de-morrer-assassinados-diz-datafolha","status":"publish","type":"post","link":"https:\/\/blitzconquista.com.br\/?p=38659","title":{"rendered":"Oito em cada dez brasileiros t\u00eam medo de morrer assassinados, diz Datafolha"},"content":{"rendered":"<p>Os moradores das cidades brasileiras t\u00eam medo de morrer assassinados. \u00c9 o que constata pesquisa divulgada nesta sexta (31) pelo F\u00f3rum Brasileiro de Seguran\u00e7a P\u00fablica, mostrando que essa \u00e9 uma preocupa\u00e7\u00e3o de 81% da popula\u00e7\u00e3o com mais de 16 anos.<\/p>\n<p>A informa\u00e7\u00e3o consta de levantamento encomendado pelo f\u00f3rum ao Instituto Datafolha, e ouviu 1.307 pessoas em 84 munic\u00edpios com mais de 100 mil habitantes, na \u00faltima ter\u00e7a-feira. (28). A margem de erro \u00e9 de 3 pontos percentuais para mais ou para menos.<\/p>\n<p>\u201cSessenta e tr\u00eas por cento das pessoas t\u00eam muito medo [de morrer assassinadas] e 49%, com medo, acham que podem ser v\u00edtimas j\u00e1 no pr\u00f3ximo ano\u201d, disse o vice-presidente do f\u00f3rum, Renato S\u00e9rgio de Lima, que apresentou os dados. \u201cOu seja, temos uma popula\u00e7\u00e3o atemorizada\u201d, destacou.<\/p>\n<p>Em 2012, o n\u00famero de pessoas com medo de morrer assassinadas era menor. Naquele ano, levantamento semelhante do Datafolha em cidades com 15 mil habitantes mostrava que esse medo era de 65%, sendo que, em 2015, \u00e9 maior entre mulheres, pessoas de cor preta e do Nordeste.<\/p>\n<p>O levantamento tamb\u00e9m mostra que 62% da popula\u00e7\u00e3o tem medo da Pol\u00edcia Militar, especialmente pessoas entre 16 e 24 anos, que recebem at\u00e9 dois sal\u00e1rios-m\u00ednimos (68%) e s\u00e3o pretas (71%). No caso da Pol\u00edcia Civil, o medo foi manifestado por 53% dos entrevistados, a maioria mulher. \u201cEssa \u00e9 uma informa\u00e7\u00e3o [sobre as policias] requer uma reflex\u00e3o, destacou Renato de Lima.<\/p>\n<p>Outro dado revelador foi a constata\u00e7\u00e3o que mais da metade dos brasileiros \u2013 52% &#8211; t\u00eam um conhecido ou parente que foi v\u00edtima de homic\u00eddio, e 20% deles j\u00e1 foi v\u00edtima de amea\u00e7a de homic\u00eddio. \u201cIsso diz que a popula\u00e7\u00e3o n\u00e3o est\u00e1 com medo \u00e0 toa, a viol\u00eancia faz parte do cotidiano\u201d, pontuou.<\/p>\n<p>Para enfrentar o problema, que coloca o Brasil na lista dos pa\u00edses que concentram homic\u00eddios no mundo e est\u00e1 no s\u00e9timo lugar em n\u00famero de assassinatos na Am\u00e9rica Latina, segundo as Na\u00e7\u00f5es Unidas, a popula\u00e7\u00e3o quer a\u00e7\u00f5es integradas de governos que n\u00e3o passem por abordagens agressivas com suspeitos, conforme apontam tamb\u00e9m os dados do Datafolha.<\/p>\n<p><img decoding=\"async\" loading=\"lazy\" class=\"alignnone size-full wp-image-32052\" src=\"http:\/\/blitzconquista.com.br\/wp-content\/uploads\/2015\/01\/agencia_brasil_logo.png\" alt=\"agencia_brasil_logo\" width=\"130\" height=\"27\" \/><\/p>\n","protected":false},"excerpt":{"rendered":"<p>Os moradores das cidades brasileiras t\u00eam medo de morrer assassinados. \u00c9 o que constata pesquisa divulgada nesta sexta (31) pelo F\u00f3rum Brasileiro de Seguran\u00e7a P\u00fablica, mostrando que essa \u00e9 uma preocupa\u00e7\u00e3o de 81% da popula\u00e7\u00e3o com mais de 16 anos. A informa\u00e7\u00e3o consta de levantamento encomendado pelo f\u00f3rum ao Instituto Datafolha, e ouviu 1.307 pessoas [&hellip;]<\/p>\n","protected":false},"author":1,"featured_media":38533,"comment_status":"open","ping_status":"closed","sticky":false,"template":"","format":"standard","meta":[],"categories":[3],"tags":[],"_links":{"self":[{"href":"https:\/\/blitzconquista.com.br\/index.php?rest_route=\/wp\/v2\/posts\/38659"}],"collection":[{"href":"https:\/\/blitzconquista.com.br\/index.php?rest_route=\/wp\/v2\/posts"}],"about":[{"href":"https:\/\/blitzconquista.com.br\/index.php?rest_route=\/wp\/v2\/types\/post"}],"author":[{"embeddable":true,"href":"https:\/\/blitzconquista.com.br\/index.php?rest_route=\/wp\/v2\/users\/1"}],"replies":[{"embeddable":true,"href":"https:\/\/blitzconquista.com.br\/index.php?rest_route=%2Fwp%2Fv2%2Fcomments&post=38659"}],"version-history":[{"count":0,"href":"https:\/\/blitzconquista.com.br\/index.php?rest_route=\/wp\/v2\/posts\/38659\/revisions"}],"wp:featuredmedia":[{"embeddable":true,"href":"https:\/\/blitzconquista.com.br\/index.php?rest_route=\/wp\/v2\/media\/38533"}],"wp:attachment":[{"href":"https:\/\/blitzconquista.com.br\/index.php?rest_route=%2Fwp%2Fv2%2Fmedia&parent=38659"}],"wp:term":[{"taxonomy":"category","embeddable":true,"href":"https:\/\/blitzconquista.com.br\/index.php?rest_route=%2Fwp%2Fv2%2Fcategories&post=38659"},{"taxonomy":"post_tag","embeddable":true,"href":"https:\/\/blitzconquista.com.br\/index.php?rest_route=%2Fwp%2Fv2%2Ftags&post=38659"}],"curies":[{"name":"wp","href":"https:\/\/api.w.org\/{rel}","templated":true}]}}