{"id":38672,"date":"2015-08-01T01:25:22","date_gmt":"2015-08-01T04:25:22","guid":{"rendered":"http:\/\/blitzconquista.com.br\/?p=38672"},"modified":"2015-08-01T01:25:22","modified_gmt":"2015-08-01T04:25:22","slug":"dpt-vai-convocar-em-agosto-aprovados-para-curso-de-formacao","status":"publish","type":"post","link":"https:\/\/blitzconquista.com.br\/?p=38672","title":{"rendered":"DPT vai convocar em agosto aprovados para curso de forma\u00e7\u00e3o"},"content":{"rendered":"<p>Os aprovados no concurso p\u00fablico para o Departamento de Pol\u00edcia T\u00e9cnica (DPT) devem ficar atentos. No m\u00eas de agosto, o Di\u00e1rio Oficial do Estado vai anunciar a convoca\u00e7\u00e3o para o curso de forma\u00e7\u00e3o, al\u00e9m de fixar datas para efetiva\u00e7\u00e3o da matr\u00edcula e in\u00edcio da capacita\u00e7\u00e3o e prazo para recursos. A novidade ser\u00e1 o local onde ser\u00e1 realizado o curso \u2013 nas pr\u00f3prias depend\u00eancias do DPT.<\/p>\n<p>Segundo explicou o perito criminal\u00edstico e chefe de Gabinete do departamento, Alexsandro Fiscina, \u201ca vantagem de as aulas serem ministradas em nossa sede \u00e9 que permitir\u00e1 que os alunos e futuros servidores conhe\u00e7am logo o local onde ir\u00e3o desenvolver o trabalho\u201d. A opini\u00e3o \u00e9 compartilhada pela diretora da Academia de Pol\u00edcia Civil (Acadepol), delegada K\u00e1tia Brasil. \u201cA mudan\u00e7a trar\u00e1 resultados positivos. Dentro da \u00f3tica pedag\u00f3gica, quanto mais pr\u00f3xima a teoria estiver da pr\u00e1tica, mais r\u00e1pida ser\u00e1 a absor\u00e7\u00e3o do conhecimento\u201d, afirmou, acrescentando que a medida \u201cservir\u00e1 tamb\u00e9m para estreitar as rela\u00e7\u00f5es com os futuros colegas\u201d.<\/p>\n<p>O curso ter\u00e1 a dura\u00e7\u00e3o de tr\u00eas meses e ser\u00e3o convocados 130 profissionais, divididos em quatro turmas que contemplar\u00e3o atividades de peritos criminal\u00edsticos, peritos m\u00e9dico-legais, peritos odonto-legais e peritos t\u00e9cnicos. *Com informa\u00e7\u00f5es da Agecom-Ba.<\/p>\n","protected":false},"excerpt":{"rendered":"<p>Os aprovados no concurso p\u00fablico para o Departamento de Pol\u00edcia T\u00e9cnica (DPT) devem ficar atentos. No m\u00eas de agosto, o Di\u00e1rio Oficial do Estado vai anunciar a convoca\u00e7\u00e3o para o curso de forma\u00e7\u00e3o, al\u00e9m de fixar datas para efetiva\u00e7\u00e3o da matr\u00edcula e in\u00edcio da capacita\u00e7\u00e3o e prazo para recursos. A novidade ser\u00e1 o local onde [&hellip;]<\/p>\n","protected":false},"author":1,"featured_media":38673,"comment_status":"open","ping_status":"closed","sticky":false,"template":"","format":"standard","meta":[],"categories":[3],"tags":[],"_links":{"self":[{"href":"https:\/\/blitzconquista.com.br\/index.php?rest_route=\/wp\/v2\/posts\/38672"}],"collection":[{"href":"https:\/\/blitzconquista.com.br\/index.php?rest_route=\/wp\/v2\/posts"}],"about":[{"href":"https:\/\/blitzconquista.com.br\/index.php?rest_route=\/wp\/v2\/types\/post"}],"author":[{"embeddable":true,"href":"https:\/\/blitzconquista.com.br\/index.php?rest_route=\/wp\/v2\/users\/1"}],"replies":[{"embeddable":true,"href":"https:\/\/blitzconquista.com.br\/index.php?rest_route=%2Fwp%2Fv2%2Fcomments&post=38672"}],"version-history":[{"count":0,"href":"https:\/\/blitzconquista.com.br\/index.php?rest_route=\/wp\/v2\/posts\/38672\/revisions"}],"wp:featuredmedia":[{"embeddable":true,"href":"https:\/\/blitzconquista.com.br\/index.php?rest_route=\/wp\/v2\/media\/38673"}],"wp:attachment":[{"href":"https:\/\/blitzconquista.com.br\/index.php?rest_route=%2Fwp%2Fv2%2Fmedia&parent=38672"}],"wp:term":[{"taxonomy":"category","embeddable":true,"href":"https:\/\/blitzconquista.com.br\/index.php?rest_route=%2Fwp%2Fv2%2Fcategories&post=38672"},{"taxonomy":"post_tag","embeddable":true,"href":"https:\/\/blitzconquista.com.br\/index.php?rest_route=%2Fwp%2Fv2%2Ftags&post=38672"}],"curies":[{"name":"wp","href":"https:\/\/api.w.org\/{rel}","templated":true}]}}