{"id":38697,"date":"2015-08-03T11:50:51","date_gmt":"2015-08-03T14:50:51","guid":{"rendered":"http:\/\/blitzconquista.com.br\/?p=38697"},"modified":"2015-08-03T11:50:51","modified_gmt":"2015-08-03T14:50:51","slug":"conquistense-sequestrada-no-costa-azul-e-libertada-apos-12-dias-de-cativeiro","status":"publish","type":"post","link":"https:\/\/blitzconquista.com.br\/?p=38697","title":{"rendered":"Conquistense sequestrada no Costa Azul \u00e9 libertada ap\u00f3s 12 dias de cativeiro"},"content":{"rendered":"<div>A cabeleireira, Arlethe Patez, sequestrada por homens armados na noite do dia 22 de julho, no bairro do Costa Azul, em Salvador, foi libertada neste domingo (2).<\/div>\n<div><\/div>\n<div>De acordo com o site Boc\u00e3o News, policiais do Departamento de Repress\u00e3o e Combate ao Crime Organizado (Draco), invadiram o cativeiro e prenderam tr\u00eas homens. Estavam \u00e0 frente da opera\u00e7\u00e3o os delegados Jorge Figueredo e Pimenta.<\/div>\n<div><\/div>\n<div>A v\u00edtima j\u00e1 est\u00e1 em casa com a fam\u00edlia. Na \u00e9poca do sequestro, familiares da empres\u00e1ria, natural da cidade de Vit\u00f3ria da Conquista, informaram que Arlethe foi sequestrada quando deixava seu sal\u00e3o de beleza, o\u00a0Rive Gouche.<\/div>\n<div><\/div>\n<div>\n<div>A v\u00edtima caminhava na companhia de uma amiga pela rua Professor Cassilandro Barbuda quando foi obrigada a entrar em um ve\u00edculo modelo Fiat Palio. Testemunhas contaram que o carro ficou parado por alguns minutos, antes do crime, nas proximidades do sal\u00e3o. A amiga de Arlete conseguiu escapar ilesa.<\/div>\n<div>Fonte: Boc\u00e3o News<\/div>\n<\/div>\n","protected":false},"excerpt":{"rendered":"<p>A cabeleireira, Arlethe Patez, sequestrada por homens armados na noite do dia 22 de julho, no bairro do Costa Azul, em Salvador, foi libertada neste domingo (2). De acordo com o site Boc\u00e3o News, policiais do Departamento de Repress\u00e3o e Combate ao Crime Organizado (Draco), invadiram o cativeiro e prenderam tr\u00eas homens. Estavam \u00e0 frente [&hellip;]<\/p>\n","protected":false},"author":1,"featured_media":38698,"comment_status":"open","ping_status":"closed","sticky":false,"template":"","format":"standard","meta":[],"categories":[3],"tags":[],"_links":{"self":[{"href":"https:\/\/blitzconquista.com.br\/index.php?rest_route=\/wp\/v2\/posts\/38697"}],"collection":[{"href":"https:\/\/blitzconquista.com.br\/index.php?rest_route=\/wp\/v2\/posts"}],"about":[{"href":"https:\/\/blitzconquista.com.br\/index.php?rest_route=\/wp\/v2\/types\/post"}],"author":[{"embeddable":true,"href":"https:\/\/blitzconquista.com.br\/index.php?rest_route=\/wp\/v2\/users\/1"}],"replies":[{"embeddable":true,"href":"https:\/\/blitzconquista.com.br\/index.php?rest_route=%2Fwp%2Fv2%2Fcomments&post=38697"}],"version-history":[{"count":0,"href":"https:\/\/blitzconquista.com.br\/index.php?rest_route=\/wp\/v2\/posts\/38697\/revisions"}],"wp:featuredmedia":[{"embeddable":true,"href":"https:\/\/blitzconquista.com.br\/index.php?rest_route=\/wp\/v2\/media\/38698"}],"wp:attachment":[{"href":"https:\/\/blitzconquista.com.br\/index.php?rest_route=%2Fwp%2Fv2%2Fmedia&parent=38697"}],"wp:term":[{"taxonomy":"category","embeddable":true,"href":"https:\/\/blitzconquista.com.br\/index.php?rest_route=%2Fwp%2Fv2%2Fcategories&post=38697"},{"taxonomy":"post_tag","embeddable":true,"href":"https:\/\/blitzconquista.com.br\/index.php?rest_route=%2Fwp%2Fv2%2Ftags&post=38697"}],"curies":[{"name":"wp","href":"https:\/\/api.w.org\/{rel}","templated":true}]}}