{"id":38734,"date":"2015-08-04T02:07:46","date_gmt":"2015-08-04T05:07:46","guid":{"rendered":"http:\/\/blitzconquista.com.br\/?p=38734"},"modified":"2015-08-06T15:44:24","modified_gmt":"2015-08-06T18:44:24","slug":"em-perseguicao-carro-cai-em-valeta-e-suspeitos-sao-detidos-pela-pm","status":"publish","type":"post","link":"https:\/\/blitzconquista.com.br\/?p=38734","title":{"rendered":"Em persegui\u00e7\u00e3o, carro cai em valeta e suspeitos s\u00e3o detidos pela PM"},"content":{"rendered":"<p>Dois suspeitos foram detidos pela Pol\u00edcia Militar na tarde desta segunda-feira, 03, na Av. Jadiel Matos, ap\u00f3s persegui\u00e7\u00e3o.<\/p>\n<p>De acordo com a pol\u00edcia, Caique Alves de Oliveira e Vitor da Silva Souza estavam a bordo de um Corsa Sedan cinza quando fugiram de uma abordagem, no instante que abandonavam duas maletas de rel\u00f3gios, nas imedia\u00e7\u00f5es do Anel Rodovi\u00e1rio.<\/p>\n<p>&nbsp;<\/p>\n<p>Houve persegui\u00e7\u00e3o, por\u00e9m o ve\u00edculo acabou caindo numa valeta da Av. Jadiel Matos, local onde os suspeitos foram capturados. No interior do carro foi encontrado um rel\u00f3gio da marca Invicta, que teria sido roubado de um estabelecimento comercial no dia 30 de julho.<\/p>\n<p><img decoding=\"async\" loading=\"lazy\" class=\" size-full wp-image-38735 aligncenter\" src=\"http:\/\/blitzconquista.com.br\/wp-content\/uploads\/2015\/08\/20150803_142224.jpg\" alt=\"20150803_142224\" width=\"680\" height=\"382\" srcset=\"https:\/\/blitzconquista.com.br\/wp-content\/uploads\/2015\/08\/20150803_142224.jpg 680w, https:\/\/blitzconquista.com.br\/wp-content\/uploads\/2015\/08\/20150803_142224-300x169.jpg 300w\" sizes=\"(max-width: 680px) 100vw, 680px\" \/><\/p>\n<p>Ainda segundo a pol\u00edcia, Caique e Vitor s\u00e3o apontados como autores do roubo ao estabelecimento comercial e ambos teriam confessado a autoria do crime. Eles foram apresentados na delegacia, ouvidos e liberados, pois n\u00e3o foram pegos em flagrante.<\/p>\n","protected":false},"excerpt":{"rendered":"<p>Dois suspeitos foram detidos pela Pol\u00edcia Militar na tarde desta segunda-feira, 03, na Av. Jadiel Matos, ap\u00f3s persegui\u00e7\u00e3o. De acordo com a pol\u00edcia, Caique Alves de Oliveira e Vitor da Silva Souza estavam a bordo de um Corsa Sedan cinza quando fugiram de uma abordagem, no instante que abandonavam duas maletas de rel\u00f3gios, nas imedia\u00e7\u00f5es [&hellip;]<\/p>\n","protected":false},"author":1,"featured_media":38736,"comment_status":"open","ping_status":"closed","sticky":false,"template":"","format":"standard","meta":[],"categories":[3],"tags":[],"_links":{"self":[{"href":"https:\/\/blitzconquista.com.br\/index.php?rest_route=\/wp\/v2\/posts\/38734"}],"collection":[{"href":"https:\/\/blitzconquista.com.br\/index.php?rest_route=\/wp\/v2\/posts"}],"about":[{"href":"https:\/\/blitzconquista.com.br\/index.php?rest_route=\/wp\/v2\/types\/post"}],"author":[{"embeddable":true,"href":"https:\/\/blitzconquista.com.br\/index.php?rest_route=\/wp\/v2\/users\/1"}],"replies":[{"embeddable":true,"href":"https:\/\/blitzconquista.com.br\/index.php?rest_route=%2Fwp%2Fv2%2Fcomments&post=38734"}],"version-history":[{"count":0,"href":"https:\/\/blitzconquista.com.br\/index.php?rest_route=\/wp\/v2\/posts\/38734\/revisions"}],"wp:featuredmedia":[{"embeddable":true,"href":"https:\/\/blitzconquista.com.br\/index.php?rest_route=\/wp\/v2\/media\/38736"}],"wp:attachment":[{"href":"https:\/\/blitzconquista.com.br\/index.php?rest_route=%2Fwp%2Fv2%2Fmedia&parent=38734"}],"wp:term":[{"taxonomy":"category","embeddable":true,"href":"https:\/\/blitzconquista.com.br\/index.php?rest_route=%2Fwp%2Fv2%2Fcategories&post=38734"},{"taxonomy":"post_tag","embeddable":true,"href":"https:\/\/blitzconquista.com.br\/index.php?rest_route=%2Fwp%2Fv2%2Ftags&post=38734"}],"curies":[{"name":"wp","href":"https:\/\/api.w.org\/{rel}","templated":true}]}}