{"id":38751,"date":"2015-08-04T02:34:38","date_gmt":"2015-08-04T05:34:38","guid":{"rendered":"http:\/\/blitzconquista.com.br\/?p=38751"},"modified":"2015-08-04T02:34:38","modified_gmt":"2015-08-04T05:34:38","slug":"video-mostra-resgate-da-cabeleireira-conquistense","status":"publish","type":"post","link":"https:\/\/blitzconquista.com.br\/?p=38751","title":{"rendered":"V\u00eddeo mostra resgate da cabeleireira conquistense"},"content":{"rendered":"<p>Correntes na perna, necessidades fisiol\u00f3gicas no mato e amea\u00e7as. Ap\u00f3s dez dias de sofrimento, a empres\u00e1ria e cabeleireira conquistense Arlethe Patez, 47 anos, foi libertada na madrugada do domingo (2) do cativeiro onde estava presa desde o dia 22 de julho, quando sofreu um sequestro na porta do trabalho, no Costa Azul. *Correio<\/p>\n<p><center><iframe loading=\"lazy\" src=\"https:\/\/www.youtube.com\/embed\/6anmQNV91fM\" width=\"560\" height=\"315\" frameborder=\"0\" allowfullscreen=\"allowfullscreen\"><\/iframe><\/center><\/p>\n","protected":false},"excerpt":{"rendered":"<p>Correntes na perna, necessidades fisiol\u00f3gicas no mato e amea\u00e7as. Ap\u00f3s dez dias de sofrimento, a empres\u00e1ria e cabeleireira conquistense Arlethe Patez, 47 anos, foi libertada na madrugada do domingo (2) do cativeiro onde estava presa desde o dia 22 de julho, quando sofreu um sequestro na porta do trabalho, no Costa Azul. *Correio<\/p>\n","protected":false},"author":1,"featured_media":38752,"comment_status":"open","ping_status":"closed","sticky":false,"template":"","format":"standard","meta":[],"categories":[95,3],"tags":[],"_links":{"self":[{"href":"https:\/\/blitzconquista.com.br\/index.php?rest_route=\/wp\/v2\/posts\/38751"}],"collection":[{"href":"https:\/\/blitzconquista.com.br\/index.php?rest_route=\/wp\/v2\/posts"}],"about":[{"href":"https:\/\/blitzconquista.com.br\/index.php?rest_route=\/wp\/v2\/types\/post"}],"author":[{"embeddable":true,"href":"https:\/\/blitzconquista.com.br\/index.php?rest_route=\/wp\/v2\/users\/1"}],"replies":[{"embeddable":true,"href":"https:\/\/blitzconquista.com.br\/index.php?rest_route=%2Fwp%2Fv2%2Fcomments&post=38751"}],"version-history":[{"count":0,"href":"https:\/\/blitzconquista.com.br\/index.php?rest_route=\/wp\/v2\/posts\/38751\/revisions"}],"wp:featuredmedia":[{"embeddable":true,"href":"https:\/\/blitzconquista.com.br\/index.php?rest_route=\/wp\/v2\/media\/38752"}],"wp:attachment":[{"href":"https:\/\/blitzconquista.com.br\/index.php?rest_route=%2Fwp%2Fv2%2Fmedia&parent=38751"}],"wp:term":[{"taxonomy":"category","embeddable":true,"href":"https:\/\/blitzconquista.com.br\/index.php?rest_route=%2Fwp%2Fv2%2Fcategories&post=38751"},{"taxonomy":"post_tag","embeddable":true,"href":"https:\/\/blitzconquista.com.br\/index.php?rest_route=%2Fwp%2Fv2%2Ftags&post=38751"}],"curies":[{"name":"wp","href":"https:\/\/api.w.org\/{rel}","templated":true}]}}