{"id":38798,"date":"2015-08-05T01:44:43","date_gmt":"2015-08-05T04:44:43","guid":{"rendered":"http:\/\/blitzconquista.com.br\/?p=38798"},"modified":"2015-08-08T17:32:14","modified_gmt":"2015-08-08T20:32:14","slug":"funcionario-e-preso-por-envolvimento-em-assalto-a-clinica-medica","status":"publish","type":"post","link":"https:\/\/blitzconquista.com.br\/?p=38798","title":{"rendered":"Funcion\u00e1rio \u00e9 preso por envolvimento em assalto a cl\u00ednica m\u00e9dica"},"content":{"rendered":"<p>O caso do assalto a uma cl\u00ednica m\u00e9dica, ocorrido na manh\u00e3 desta ter\u00e7a-feira, 04, na Av. Frei Benjamim no bairro Brasil, em Vit\u00f3ria da Conquista, j\u00e1 \u00e9 considerado solucionado pela Pol\u00edcia Civil. Um funcion\u00e1rio do estabelecimento \u00e9 apontado como o mentor intelectual do roubo.<\/p>\n<p>De acordo com a pol\u00edcia, cinco pessoas participaram do crime; dois foram presos. Paulo Emanoel, respons\u00e1vel em dirigir o ve\u00edculo utilizado pelo bando, foi o primeiro a ser capturado pelo Peto 78\u00aa Cipm. Depois do levantamento de informa\u00e7\u00f5es dos militares, juntamente com a Pol\u00edcia Civil, foi poss\u00edvel prender L\u00facio Fl\u00e1vio Souza Rios, 19 anos, funcion\u00e1rio da Cl\u00ednica. Ambos teriam assumido participa\u00e7\u00e3o no crime, por\u00e9m n\u00e3o delataram os outros tr\u00eas suspeitos.<\/p>\n<p>O dinheiro, aproximadamente R$ 5 mil, n\u00e3o foi recuperado e os outros integrantes do grupo est\u00e3o sendo identificados.<\/p>\n<p>L\u00facio e Paulo foram autuados em flagrante e ser\u00e3o encaminhados ao pres\u00eddio Nilton Gon\u00e7alves. L\u00facio trabalhava na cl\u00ednica h\u00e1 2 anos.<\/p>\n","protected":false},"excerpt":{"rendered":"<p>O caso do assalto a uma cl\u00ednica m\u00e9dica, ocorrido na manh\u00e3 desta ter\u00e7a-feira, 04, na Av. Frei Benjamim no bairro Brasil, em Vit\u00f3ria da Conquista, j\u00e1 \u00e9 considerado solucionado pela Pol\u00edcia Civil. Um funcion\u00e1rio do estabelecimento \u00e9 apontado como o mentor intelectual do roubo. De acordo com a pol\u00edcia, cinco pessoas participaram do crime; dois [&hellip;]<\/p>\n","protected":false},"author":1,"featured_media":0,"comment_status":"open","ping_status":"closed","sticky":false,"template":"","format":"standard","meta":[],"categories":[3],"tags":[],"_links":{"self":[{"href":"https:\/\/blitzconquista.com.br\/index.php?rest_route=\/wp\/v2\/posts\/38798"}],"collection":[{"href":"https:\/\/blitzconquista.com.br\/index.php?rest_route=\/wp\/v2\/posts"}],"about":[{"href":"https:\/\/blitzconquista.com.br\/index.php?rest_route=\/wp\/v2\/types\/post"}],"author":[{"embeddable":true,"href":"https:\/\/blitzconquista.com.br\/index.php?rest_route=\/wp\/v2\/users\/1"}],"replies":[{"embeddable":true,"href":"https:\/\/blitzconquista.com.br\/index.php?rest_route=%2Fwp%2Fv2%2Fcomments&post=38798"}],"version-history":[{"count":0,"href":"https:\/\/blitzconquista.com.br\/index.php?rest_route=\/wp\/v2\/posts\/38798\/revisions"}],"wp:attachment":[{"href":"https:\/\/blitzconquista.com.br\/index.php?rest_route=%2Fwp%2Fv2%2Fmedia&parent=38798"}],"wp:term":[{"taxonomy":"category","embeddable":true,"href":"https:\/\/blitzconquista.com.br\/index.php?rest_route=%2Fwp%2Fv2%2Fcategories&post=38798"},{"taxonomy":"post_tag","embeddable":true,"href":"https:\/\/blitzconquista.com.br\/index.php?rest_route=%2Fwp%2Fv2%2Ftags&post=38798"}],"curies":[{"name":"wp","href":"https:\/\/api.w.org\/{rel}","templated":true}]}}