{"id":38860,"date":"2015-08-05T23:45:35","date_gmt":"2015-08-06T02:45:35","guid":{"rendered":"http:\/\/blitzconquista.com.br\/?p=38860"},"modified":"2015-08-06T00:28:48","modified_gmt":"2015-08-06T03:28:48","slug":"bahia-vende-bruno-paulista-para-o-sporting-de-portugal","status":"publish","type":"post","link":"https:\/\/blitzconquista.com.br\/?p=38860","title":{"rendered":"Bahia vende Bruno Paulista para o Sporting de Portugal"},"content":{"rendered":"<div>O Bahia acertou mais uma venda envolvendo os jogadores da divis\u00e3o de base. Depois de Par\u00e1, o Tricolor acertou a sa\u00edda de Bruno Paulista para o Sporting de Portugal.<\/div>\n<div id=\"cke_pastebin\"><\/div>\n<div id=\"cke_pastebin\">A informa\u00e7\u00e3o foi dada pelo rep\u00f3rter M\u00e1rcio Martins durante o Programa Transam\u00e9rica Esporte News. A negocia\u00e7\u00e3o teria sido fechada no valor de 3,5 milh\u00f5es de Euros.<\/div>\n<div id=\"cke_pastebin\"><\/div>\n<div id=\"cke_pastebin\">O jogador defendeu a sele\u00e7\u00e3o brasileira na disputa do Pan-Americano e j\u00e1 deve viajar para Portugal nesta quarta-feira (5) para realizar exames m\u00e9dicos e ser apresentado ao novo time.<\/div>\n<div id=\"cke_pastebin\"><\/div>\n<div id=\"cke_pastebin\">Bruno Paulista atuou em 34 partidas como profissional e marcou dois gols com a camisa do Tricolor.<\/div>\n<div>Por Gal\u00e1ticos On Line<\/div>\n<div>Publicado em<\/div>\n<div><img decoding=\"async\" loading=\"lazy\" class=\"alignnone  wp-image-38861\" src=\"http:\/\/blitzconquista.com.br\/wp-content\/uploads\/2015\/08\/logo.png\" alt=\"logo\" width=\"211\" height=\"52\" srcset=\"https:\/\/blitzconquista.com.br\/wp-content\/uploads\/2015\/08\/logo.png 369w, https:\/\/blitzconquista.com.br\/wp-content\/uploads\/2015\/08\/logo-300x74.png 300w\" sizes=\"(max-width: 211px) 100vw, 211px\" \/><\/div>\n","protected":false},"excerpt":{"rendered":"<p>O Bahia acertou mais uma venda envolvendo os jogadores da divis\u00e3o de base. Depois de Par\u00e1, o Tricolor acertou a sa\u00edda de Bruno Paulista para o Sporting de Portugal. A informa\u00e7\u00e3o foi dada pelo rep\u00f3rter M\u00e1rcio Martins durante o Programa Transam\u00e9rica Esporte News. A negocia\u00e7\u00e3o teria sido fechada no valor de 3,5 milh\u00f5es de Euros. [&hellip;]<\/p>\n","protected":false},"author":1,"featured_media":38862,"comment_status":"open","ping_status":"closed","sticky":false,"template":"","format":"standard","meta":[],"categories":[1],"tags":[],"_links":{"self":[{"href":"https:\/\/blitzconquista.com.br\/index.php?rest_route=\/wp\/v2\/posts\/38860"}],"collection":[{"href":"https:\/\/blitzconquista.com.br\/index.php?rest_route=\/wp\/v2\/posts"}],"about":[{"href":"https:\/\/blitzconquista.com.br\/index.php?rest_route=\/wp\/v2\/types\/post"}],"author":[{"embeddable":true,"href":"https:\/\/blitzconquista.com.br\/index.php?rest_route=\/wp\/v2\/users\/1"}],"replies":[{"embeddable":true,"href":"https:\/\/blitzconquista.com.br\/index.php?rest_route=%2Fwp%2Fv2%2Fcomments&post=38860"}],"version-history":[{"count":0,"href":"https:\/\/blitzconquista.com.br\/index.php?rest_route=\/wp\/v2\/posts\/38860\/revisions"}],"wp:featuredmedia":[{"embeddable":true,"href":"https:\/\/blitzconquista.com.br\/index.php?rest_route=\/wp\/v2\/media\/38862"}],"wp:attachment":[{"href":"https:\/\/blitzconquista.com.br\/index.php?rest_route=%2Fwp%2Fv2%2Fmedia&parent=38860"}],"wp:term":[{"taxonomy":"category","embeddable":true,"href":"https:\/\/blitzconquista.com.br\/index.php?rest_route=%2Fwp%2Fv2%2Fcategories&post=38860"},{"taxonomy":"post_tag","embeddable":true,"href":"https:\/\/blitzconquista.com.br\/index.php?rest_route=%2Fwp%2Fv2%2Ftags&post=38860"}],"curies":[{"name":"wp","href":"https:\/\/api.w.org\/{rel}","templated":true}]}}