{"id":38919,"date":"2015-08-06T23:50:49","date_gmt":"2015-08-07T02:50:49","guid":{"rendered":"http:\/\/blitzconquista.com.br\/?p=38919"},"modified":"2015-08-07T00:11:13","modified_gmt":"2015-08-07T03:11:13","slug":"movimentos-sociais-lancam-campanha-de-protesto-contra-olimpiadas-de-2016","status":"publish","type":"post","link":"https:\/\/blitzconquista.com.br\/?p=38919","title":{"rendered":"Movimentos sociais lan\u00e7am campanha de protesto contra Olimp\u00edadas de 2016"},"content":{"rendered":"<p>Para marcar a contagem regressiva de um ano para os Jogos Ol\u00edmpicos no Rio de Janeiro, movimentos sociais lan\u00e7aram a campanha Olimp\u00edada para quem?, em protesto contra supostos abusos e viola\u00e7\u00f5es de direitos por parte do poder p\u00fablico e econ\u00f4mico.<\/p>\n<p>Cerca de cem pessoas fizeram na \u00faltima quarta-feira, 05, um ato em frente \u00e0 prefeitura para marcar o dia e depois caminharam at\u00e9 a sede do Comit\u00ea Rio 2016, ambas na Cidade Nova, centro do Rio. Com uma jornada de lutas que envolve lan\u00e7amento de dossi\u00eas, plen\u00e1rias, festivais e atos, s\u00e3o colocados 16 pontos para construir \u201cum outro Rio 2016\u201d.<\/p>\n<p>De acordo com Mariana Werneck, pesquisadora do Observat\u00f3rio das Metr\u00f3poles e integrante do Comit\u00ea Popular Rio Copa e Olimp\u00edada, os pontos discutem o modelo de cidade que est\u00e1 sendo constru\u00edda \u201ca pretexto da Copa em 2014 e das olimp\u00edadas em 2016\u201d.<\/p>\n<p>\u201cA zona portu\u00e1ria \u00e9 uma mega-\u00e1rea que est\u00e1 sendo apropriada pela Concession\u00e1ria Porto Novo. Na Barra da Tijuca, o Parque Ol\u00edmpico tamb\u00e9m est\u00e1 sendo entregue para a iniciativa privada por meio de outra PPP. Isso tudo traz efeitos sobre a cidade. Remo\u00e7\u00f5es, camel\u00f4s impedidos de trabalhar, greve dos garis, despolui\u00e7\u00e3o da Ba\u00eda de Guanabara, o esc\u00e2ndalo do campo de golfe. \u00c9 uma s\u00e9rie de pautas que\u00a0 estamos trabalhando ao longo de anos para a constru\u00e7\u00e3o de uma massa cr\u00edtica a respeito desse evento\u201d.<\/p>\n<p>Segundo a Companhia de Desenvolvimento Urbano da Regi\u00e3o do Porto do Rio de Janeiro (Cdurp), a recupera\u00e7\u00e3o da \u00e1rea envolve diversos projetos sociais, como o Porto Maravilha Cultural, que j\u00e1 destinou R$ 105 milh\u00f5es para a valoriza\u00e7\u00e3o do patrim\u00f4nio material e imaterial; e o Porto Maravilha Cidad\u00e3o, que \u201cprocura preparar os moradores para a nova din\u00e2mica social que est\u00e1 surgindo na regi\u00e3o\u201d, com a oferta de capacita\u00e7\u00e3o e apoio para novos empreendedores e cursos profissionalizantes.<\/p>\n<p>Entre as reivindica\u00e7\u00f5es dos movimentos sociais est\u00e3o a populariza\u00e7\u00e3o do Maracan\u00e3; a reabertura do Est\u00e1dio de Atletismo C\u00e9lio de Barros e do Parque Aqu\u00e1tico J\u00falio Delamare; transporte p\u00fablico de qualidade e com tarifa zero; e o fim da viol\u00eancia policial. Mariana diz que para s\u00e1bado (8) est\u00e1 marcada uma barqueata no Flamengo,\u00a0 e no dia 25 ser\u00e1 lan\u00e7ado um dossi\u00ea sobre a falta de legado esportivo na cidade.<\/p>\n<blockquote><p><strong>\u201cIsso \u00e9 colocado como uma bandeira por quem defende as olimp\u00edadas, mas a gente v\u00ea que na verdade n\u00e3o existe legado nenhum. Os equipamentos esportivos est\u00e3o sendo privatizados e nossos atletas est\u00e3o treinando fora, nos Estados Unidos ou outros pa\u00edses\u201d<\/strong>, argumenta Mariana.<\/p><\/blockquote>\n<p>Na apresenta\u00e7\u00e3o do legado ol\u00edmpico, na semana passada, o secret\u00e1rio de governo da Prefeitura do Rio, Pedro Paulo Carvalho, garantiu que os equipamentos constru\u00eddos para os jogos 2016 ficar\u00e3o para uso da popula\u00e7\u00e3o, sendo que uma parte do parque da Barra ser\u00e1 desmontada e reutilizada na constru\u00e7\u00e3o de quatro escolas p\u00fablicas.<\/p>\n<p>O ato que lan\u00e7ou o ano de mobiliza\u00e7\u00e3o reuniu principalmente camel\u00f4s e moradores da Vila Aut\u00f3dromo. Ex-moradora da comunidade, Inalva Mendes Brito conta que foi obrigada a deixar sua casa, mas ainda h\u00e1 resist\u00eancia na comunidade que fica perto da futura Vila Ol\u00edmpica.<\/p>\n<p>A Subprefeitura da Barra e Jacarepagu\u00e1 informa que praticamente todas as fam\u00edlias que estavam no tra\u00e7ado das obras na Vila Aut\u00f3dromo j\u00e1 se mudaram e que 145 que n\u00e3o precisariam sair procuraram a Prefeitura para deixar a comunidade. \u201cTodos os moradores tiveram op\u00e7\u00e3o de escolher uma unidade no empreendimento Parque Carioca, do programa Minha Casa Minha Vida, na Estrada dos Bandeirantes, a um quil\u00f4metro de dist\u00e2ncia da Vila Aut\u00f3dromo, ou indeniza\u00e7\u00e3o\u201d. Os que ainda permanecem aguardam decis\u00e3o judicial.<\/p>\n<p>A coordenadora do Movimento Unido dos Camel\u00f4s (Muca), Maria de Lourdes, relata que a repress\u00e3o \u00e0 categoria come\u00e7ou na \u00e9poca dos Jogos Pan-Americanos, em 2007, e que a situa\u00e7\u00e3o est\u00e1 cada vez pior. \u201cEst\u00e3o fazendo apreens\u00e3o de mercadoria sem dar o auto de apreens\u00e3o e deixando as pessoas falidas, pois apreendem dentro dos dep\u00f3sitos\u201d.<\/p>\n<p>De acordo com Maria de Lourdes, os ambulantes n\u00e3o est\u00e3o conseguindo reaver suas mercadorias apreendidas, mesmo que apresentem nota fiscal, e os dep\u00f3sitos utilizados por eles s\u00e3o clandestinos porque a prefeitura n\u00e3o autorizou o funcionamento de nenhum.<\/p>\n<p>A Secretaria Municipal de Ordem P\u00fablica (Seop) informa que as apreens\u00f5es seguem o C\u00f3digo de Posturas Municipais e a Lei n\u00ba 1.876, de 1992. \u201cS\u00f3 pode exercer o com\u00e9rcio ambulante aqueles que possuem autoriza\u00e7\u00e3o da Prefeitura. Aquele que exerce a atividade sem autoriza\u00e7\u00e3o est\u00e1 ilegal e sujeito \u00e0 fiscaliza\u00e7\u00e3o, inclusive com apreens\u00e3o da mercadoria\u201d.<\/p>\n<p>Segundo a Seop, para reaver as mercadorias apreendidas o respons\u00e1vel deve apresentar nota fiscal, identidade CPF e comprovante de resid\u00eancia no dep\u00f3sito da Secretaria Municipal da Fazenda, que vai analisar o pedido. O material n\u00e3o reclamado pode ser doado, destru\u00eddo ou vendidos em leil\u00e3o ap\u00f3s tr\u00eas dias \u00fateis.<\/p>\n<p><img decoding=\"async\" loading=\"lazy\" class=\"alignnone size-full wp-image-32052\" src=\"http:\/\/blitzconquista.com.br\/wp-content\/uploads\/2015\/01\/agencia_brasil_logo.png\" alt=\"agencia_brasil_logo\" width=\"130\" height=\"27\" \/><\/p>\n<p>&nbsp;<\/p>\n","protected":false},"excerpt":{"rendered":"<p>Para marcar a contagem regressiva de um ano para os Jogos Ol\u00edmpicos no Rio de Janeiro, movimentos sociais lan\u00e7aram a campanha Olimp\u00edada para quem?, em protesto contra supostos abusos e viola\u00e7\u00f5es de direitos por parte do poder p\u00fablico e econ\u00f4mico. Cerca de cem pessoas fizeram na \u00faltima quarta-feira, 05, um ato em frente \u00e0 prefeitura [&hellip;]<\/p>\n","protected":false},"author":1,"featured_media":38920,"comment_status":"open","ping_status":"closed","sticky":false,"template":"","format":"standard","meta":[],"categories":[1],"tags":[],"_links":{"self":[{"href":"https:\/\/blitzconquista.com.br\/index.php?rest_route=\/wp\/v2\/posts\/38919"}],"collection":[{"href":"https:\/\/blitzconquista.com.br\/index.php?rest_route=\/wp\/v2\/posts"}],"about":[{"href":"https:\/\/blitzconquista.com.br\/index.php?rest_route=\/wp\/v2\/types\/post"}],"author":[{"embeddable":true,"href":"https:\/\/blitzconquista.com.br\/index.php?rest_route=\/wp\/v2\/users\/1"}],"replies":[{"embeddable":true,"href":"https:\/\/blitzconquista.com.br\/index.php?rest_route=%2Fwp%2Fv2%2Fcomments&post=38919"}],"version-history":[{"count":0,"href":"https:\/\/blitzconquista.com.br\/index.php?rest_route=\/wp\/v2\/posts\/38919\/revisions"}],"wp:featuredmedia":[{"embeddable":true,"href":"https:\/\/blitzconquista.com.br\/index.php?rest_route=\/wp\/v2\/media\/38920"}],"wp:attachment":[{"href":"https:\/\/blitzconquista.com.br\/index.php?rest_route=%2Fwp%2Fv2%2Fmedia&parent=38919"}],"wp:term":[{"taxonomy":"category","embeddable":true,"href":"https:\/\/blitzconquista.com.br\/index.php?rest_route=%2Fwp%2Fv2%2Fcategories&post=38919"},{"taxonomy":"post_tag","embeddable":true,"href":"https:\/\/blitzconquista.com.br\/index.php?rest_route=%2Fwp%2Fv2%2Ftags&post=38919"}],"curies":[{"name":"wp","href":"https:\/\/api.w.org\/{rel}","templated":true}]}}