{"id":39164,"date":"2015-08-12T23:03:43","date_gmt":"2015-08-13T02:03:43","guid":{"rendered":"http:\/\/blitzconquista.com.br\/?p=39164"},"modified":"2015-08-12T23:03:43","modified_gmt":"2015-08-13T02:03:43","slug":"salvador-recebera-jogo-da-selecao-brasileira-nas-eliminatorias-da-copa-de-2018","status":"publish","type":"post","link":"https:\/\/blitzconquista.com.br\/?p=39164","title":{"rendered":"Salvador receber\u00e1 jogo da sele\u00e7\u00e3o brasileira nas Eliminat\u00f3rias da Copa de 2018"},"content":{"rendered":"<div class=\"box-body\">\n<div class=\"text-descricao\">\n<div id=\"cke_pastebin\">A Federa\u00e7\u00e3o Bahiana de Futebol (FBF) anunciou na noite desta quarta-feira (12) que Salvador ser\u00e1 uma das sedes a receber jogos da sele\u00e7\u00e3o brasileira durante as Eliminat\u00f3rias da Copa de 2018, que ser\u00e1 disputada na R\u00fassia. Segundo o comunicado, a entidade solicitou que o advers\u00e1rio a ser recebido na Arena Fonte Nova seja de grande apelo. A \u00faltima partida da sele\u00e7\u00e3o em Salvador foi na partida contra a It\u00e1lia, na Copa das Confedera\u00e7\u00f5es de 2013. Na ocasi\u00e3o, o Brasil venceu por 4 a 2.\u00a0 * Bahia Not\u00edcias<\/div>\n<div>Veja o comunicado da FBF:<\/div>\n<div><\/div>\n<\/div>\n<\/div>\n<div class=\"bar-share clearfix\"><img decoding=\"async\" loading=\"lazy\" class=\" size-full wp-image-39165 aligncenter\" src=\"http:\/\/blitzconquista.com.br\/wp-content\/uploads\/2015\/08\/asdfasfdf.jpg\" alt=\"asdfasfdf\" width=\"461\" height=\"333\" srcset=\"https:\/\/blitzconquista.com.br\/wp-content\/uploads\/2015\/08\/asdfasfdf.jpg 461w, https:\/\/blitzconquista.com.br\/wp-content\/uploads\/2015\/08\/asdfasfdf-300x217.jpg 300w\" sizes=\"(max-width: 461px) 100vw, 461px\" \/><\/div>\n","protected":false},"excerpt":{"rendered":"<p>A Federa\u00e7\u00e3o Bahiana de Futebol (FBF) anunciou na noite desta quarta-feira (12) que Salvador ser\u00e1 uma das sedes a receber jogos da sele\u00e7\u00e3o brasileira durante as Eliminat\u00f3rias da Copa de 2018, que ser\u00e1 disputada na R\u00fassia. Segundo o comunicado, a entidade solicitou que o advers\u00e1rio a ser recebido na Arena Fonte Nova seja de grande [&hellip;]<\/p>\n","protected":false},"author":1,"featured_media":39166,"comment_status":"open","ping_status":"closed","sticky":false,"template":"","format":"standard","meta":[],"categories":[1],"tags":[],"_links":{"self":[{"href":"https:\/\/blitzconquista.com.br\/index.php?rest_route=\/wp\/v2\/posts\/39164"}],"collection":[{"href":"https:\/\/blitzconquista.com.br\/index.php?rest_route=\/wp\/v2\/posts"}],"about":[{"href":"https:\/\/blitzconquista.com.br\/index.php?rest_route=\/wp\/v2\/types\/post"}],"author":[{"embeddable":true,"href":"https:\/\/blitzconquista.com.br\/index.php?rest_route=\/wp\/v2\/users\/1"}],"replies":[{"embeddable":true,"href":"https:\/\/blitzconquista.com.br\/index.php?rest_route=%2Fwp%2Fv2%2Fcomments&post=39164"}],"version-history":[{"count":0,"href":"https:\/\/blitzconquista.com.br\/index.php?rest_route=\/wp\/v2\/posts\/39164\/revisions"}],"wp:featuredmedia":[{"embeddable":true,"href":"https:\/\/blitzconquista.com.br\/index.php?rest_route=\/wp\/v2\/media\/39166"}],"wp:attachment":[{"href":"https:\/\/blitzconquista.com.br\/index.php?rest_route=%2Fwp%2Fv2%2Fmedia&parent=39164"}],"wp:term":[{"taxonomy":"category","embeddable":true,"href":"https:\/\/blitzconquista.com.br\/index.php?rest_route=%2Fwp%2Fv2%2Fcategories&post=39164"},{"taxonomy":"post_tag","embeddable":true,"href":"https:\/\/blitzconquista.com.br\/index.php?rest_route=%2Fwp%2Fv2%2Ftags&post=39164"}],"curies":[{"name":"wp","href":"https:\/\/api.w.org\/{rel}","templated":true}]}}