{"id":39538,"date":"2015-08-25T13:45:23","date_gmt":"2015-08-25T16:45:23","guid":{"rendered":"http:\/\/blitzconquista.com.br\/?p=39538"},"modified":"2015-08-26T19:15:14","modified_gmt":"2015-08-26T22:15:14","slug":"governo-municipal-institui-comissoes-de-gestao-participativa-para-unidades-de-cafes-especiais-e-fabrica-de-temperos","status":"publish","type":"post","link":"https:\/\/blitzconquista.com.br\/?p=39538","title":{"rendered":"Governo Municipal institui Comiss\u00f5es de Gest\u00e3o Participativa para Unidades de Caf\u00e9s Especiais e F\u00e1brica de Temperos"},"content":{"rendered":"<p>Na \u00faltima sexta-feira, 21, o prefeito de Vit\u00f3ria da Conquista, Guilherme Menezes, assinou o decreto municipal que institui e nomeia as Comiss\u00f5es de Gest\u00e3o Participativa para as Unidades de Preparo de Caf\u00e9s Especiais dos povoados de Lajedinho (Inhobim) e Lamar\u00e3o (Limeira) e para a F\u00e1brica de Temperos (Lagoa das Flores).<\/p>\n<p>O ato para oficializar a gest\u00e3o das Unidades e da F\u00e1brica aconteceu na sede da Secretaria Municipal de Trabalho, Renda e Desenvolvimento Econ\u00f4mico com a presen\u00e7a do secret\u00e1rio municipal de Agricultura, Odir Freire, t\u00e9cnicos da pasta e moradores dos povoados escolhidos pela comunidade para integrarem as comiss\u00f5es. Esses equipamentos ser\u00e3o geridos em parceria com a Secretaria Municipal de Agricultura.<\/p>\n<p>\u201cCom estas comiss\u00f5es os projetos v\u00e3o andar. O Governo Municipal buscar\u00e1 orientar bem as comunidades para elas usufru\u00edrem desses espa\u00e7os com efic\u00e1cia. A comiss\u00e3o precisar\u00e1 administrar esses equipamentos juntamente com o governo, tendo um esp\u00edrito comunit\u00e1rio, pois a comunidade que tem esse sentimento se desenvolve\u201d, declarou o prefeito.<\/p>\n<p>Caf\u00e9s Especiais &#8211; Limeira e Inhobim s\u00e3o regi\u00f5es produtoras de caf\u00e9 de Vit\u00f3ria da Conquista. Parte dessa produ\u00e7\u00e3o \u00e9 feita por pequenos agricultores, que antigamente n\u00e3o contavam com maquin\u00e1rio adequado e com orienta\u00e7\u00f5es t\u00e9cnicas suficientes para melhorar o resultado final. Em 2008, essa necessidade fez com que o ent\u00e3o deputado federal Guilherme Menezes, destinasse recursos para os projetos que foram viabilizados pelo Munic\u00edpio em parceria com o Governo Federal, por meio do Minist\u00e9rio da Ci\u00eancia, Tecnologia e Inova\u00e7\u00e3o.<\/p>\n<p>As unidades disp\u00f5em de um moderno equipamento que permite aos agricultores realizarem, eles mesmos, o processo de despolpamento do caf\u00e9 que produzem. O processo torna o produto mais nobre e, consequentemente, mais valorizado no mercado. Os projetos v\u00e3o beneficiar mais de 150 fam\u00edlias da regi\u00e3o da Limeira e cerca de 140 fam\u00edlias de v\u00e1rios povoados, comunidades quilombolas e assentamentos localizados no entorno de Inhobim.<\/p>\n<p>O produtor de caf\u00e9 de Lajedinho, Rosenaldo dos Santos, disse: \u201cCom este maquin\u00e1rio, vamos produzir um caf\u00e9 melhor para entrar uma renda a mais pra gente. Agradecemos a todos que est\u00e3o nos ajudando\u201d. J\u00e1 a produtora de Lamar\u00e3o, Maria Edna Ferreira, desejou: \u201cAgora vamos esperar a produ\u00e7\u00e3o deste ano para colocarmos para funcionar. A gente espera que seja uma produ\u00e7\u00e3o boa para produzirmos um caf\u00e9 especial\u201d.<\/p>\n<p>F\u00e1brica de Temperos &#8211; J\u00e1 o funcionamento da F\u00e1brica de Temperos possibilitar\u00e1 a melhor destina\u00e7\u00e3o ao excedente de hortali\u00e7as cultivadas pela popula\u00e7\u00e3o de Lagoa das Flores. Ela tamb\u00e9m \u00e9 fruto de emenda parlamentar do ent\u00e3o deputado federal Guilherme Menezes, em 2006. O equipamento foi edificado pela Prefeitura de Vit\u00f3ria da Conquista, por meio da Empresa Municipal de Urbaniza\u00e7\u00e3o (Emurc), com o acompanhamento t\u00e9cnico da Secretaria Municipal de Infraestrutura Urbana.<\/p>\n<p>Segundo o secret\u00e1rio de Agricultura, \u201ca Prefeitura disponibilizar\u00e1 profissional especializado para capacitar os produtores de hortali\u00e7as a trabalharem com produtos org\u00e2nicos e agregarem valor aos mesmos\u201d.<\/p>\n<p>O produtor de hortali\u00e7as, Jonas Dias Oliveira, comentou que o projeto \u00e9 bem-vindo. \u201cPois vai alavancar a produ\u00e7\u00e3o de Lagoa das Flores e acabar com as perdas que t\u00ednhamos. O tempero pronto ter\u00e1 uma vida longa, sem contar a gera\u00e7\u00e3o de emprego e renda. Agrade\u00e7o a equipe que vem acompanhando o projeto, pois sozinho n\u00e3o conseguir\u00edamos realiz\u00e1-lo\u201d. *Secom<\/p>\n","protected":false},"excerpt":{"rendered":"<p>Na \u00faltima sexta-feira, 21, o prefeito de Vit\u00f3ria da Conquista, Guilherme Menezes, assinou o decreto municipal que institui e nomeia as Comiss\u00f5es de Gest\u00e3o Participativa para as Unidades de Preparo de Caf\u00e9s Especiais dos povoados de Lajedinho (Inhobim) e Lamar\u00e3o (Limeira) e para a F\u00e1brica de Temperos (Lagoa das Flores). O ato para oficializar a [&hellip;]<\/p>\n","protected":false},"author":1,"featured_media":39539,"comment_status":"open","ping_status":"closed","sticky":false,"template":"","format":"standard","meta":[],"categories":[212,5],"tags":[],"_links":{"self":[{"href":"https:\/\/blitzconquista.com.br\/index.php?rest_route=\/wp\/v2\/posts\/39538"}],"collection":[{"href":"https:\/\/blitzconquista.com.br\/index.php?rest_route=\/wp\/v2\/posts"}],"about":[{"href":"https:\/\/blitzconquista.com.br\/index.php?rest_route=\/wp\/v2\/types\/post"}],"author":[{"embeddable":true,"href":"https:\/\/blitzconquista.com.br\/index.php?rest_route=\/wp\/v2\/users\/1"}],"replies":[{"embeddable":true,"href":"https:\/\/blitzconquista.com.br\/index.php?rest_route=%2Fwp%2Fv2%2Fcomments&post=39538"}],"version-history":[{"count":0,"href":"https:\/\/blitzconquista.com.br\/index.php?rest_route=\/wp\/v2\/posts\/39538\/revisions"}],"wp:featuredmedia":[{"embeddable":true,"href":"https:\/\/blitzconquista.com.br\/index.php?rest_route=\/wp\/v2\/media\/39539"}],"wp:attachment":[{"href":"https:\/\/blitzconquista.com.br\/index.php?rest_route=%2Fwp%2Fv2%2Fmedia&parent=39538"}],"wp:term":[{"taxonomy":"category","embeddable":true,"href":"https:\/\/blitzconquista.com.br\/index.php?rest_route=%2Fwp%2Fv2%2Fcategories&post=39538"},{"taxonomy":"post_tag","embeddable":true,"href":"https:\/\/blitzconquista.com.br\/index.php?rest_route=%2Fwp%2Fv2%2Ftags&post=39538"}],"curies":[{"name":"wp","href":"https:\/\/api.w.org\/{rel}","templated":true}]}}