{"id":39552,"date":"2015-08-25T14:03:35","date_gmt":"2015-08-25T17:03:35","guid":{"rendered":"http:\/\/blitzconquista.com.br\/?p=39552"},"modified":"2015-08-25T14:03:35","modified_gmt":"2015-08-25T17:03:35","slug":"escola-publica-de-transito-volta-a-funcionar-este-semestre-afirma-diretor-do-detran","status":"publish","type":"post","link":"https:\/\/blitzconquista.com.br\/?p=39552","title":{"rendered":"Escola P\u00fablica de Tr\u00e2nsito volta a funcionar este semestre, afirma diretor do Detran"},"content":{"rendered":"<p><span class=\"_5yl5\" data-reactid=\".tb.1:$mid=11440521959407=2999e41e086a15bff22.2:0.0.0.0.0\"><span data-reactid=\".tb.1:$mid=11440521959407=2999e41e086a15bff22.2:0.0.0.0.0.0\">O diretor do Departamento de Tr\u00e2nsito da Bahia\/Detran, Maur\u00edcio Bacelar, assegurou em audi\u00eancia na manh\u00e3 desta ter\u00e7a-feira, 25, na Assembleia Legislativa da Bahia que a Escola P\u00fablica de Tr\u00e2nsito ter\u00e1 seu funcionamento retomado neste segundo semestre de 2015. A deputada Fab\u00edola Mansur, que j\u00e1 havia sugerido a cria\u00e7\u00e3o desses equipamentos nos diversos territ\u00f3rios baianos, inclusive como instrumentos de qualifica\u00e7\u00e3o dos condutores baianos, afirmou que retomar as atividades em Vit\u00f3ria da Conquista era uma prioridade j\u00e1 que a escola vinha atendendo de forma satisfat\u00f3ria e j\u00e1 dispunha de toda estrutura necess\u00e1rio ao funcionamento. \u201c\u00c9 uma not\u00edcia que merece ser comemorada\u201d, destacou Fab\u00edola. \u201cEsta \u00e9 uma justa preocupa\u00e7\u00e3o da deputada Fab\u00edola Mansur que, por diversas vezes, me chamou aten\u00e7\u00e3o em rela\u00e7\u00e3o \u00e0 Escola P\u00fablica de Tr\u00e2nsito de Vit\u00f3ria da Conquista. Em fun\u00e7\u00e3o de reordenamento or\u00e7ament\u00e1rio, a EPT de Conquista esteve um tempo com suas atividades suspensas, mas agora, neste segundo semestre, n\u00e3o apenas as 300 pessoas que j\u00e1 adquiriram seus laudos, mas outros candidatos a condutores ter\u00e3o a oportunidade de cursar a escola p\u00fablica. O governador Rui Costa sempre estimula a incrementar as escolas p\u00fablicas de tr\u00e2nsito, porque a Carteira de Habilita\u00e7\u00e3o tem a ver com capacita\u00e7\u00e3o para o mercado de trabalho\u201d.<\/span><\/span><\/p>\n","protected":false},"excerpt":{"rendered":"<p>O diretor do Departamento de Tr\u00e2nsito da Bahia\/Detran, Maur\u00edcio Bacelar, assegurou em audi\u00eancia na manh\u00e3 desta ter\u00e7a-feira, 25, na Assembleia Legislativa da Bahia que a Escola P\u00fablica de Tr\u00e2nsito ter\u00e1 seu funcionamento retomado neste segundo semestre de 2015. A deputada Fab\u00edola Mansur, que j\u00e1 havia sugerido a cria\u00e7\u00e3o desses equipamentos nos diversos territ\u00f3rios baianos, inclusive [&hellip;]<\/p>\n","protected":false},"author":1,"featured_media":39555,"comment_status":"open","ping_status":"closed","sticky":false,"template":"","format":"standard","meta":[],"categories":[5],"tags":[],"_links":{"self":[{"href":"https:\/\/blitzconquista.com.br\/index.php?rest_route=\/wp\/v2\/posts\/39552"}],"collection":[{"href":"https:\/\/blitzconquista.com.br\/index.php?rest_route=\/wp\/v2\/posts"}],"about":[{"href":"https:\/\/blitzconquista.com.br\/index.php?rest_route=\/wp\/v2\/types\/post"}],"author":[{"embeddable":true,"href":"https:\/\/blitzconquista.com.br\/index.php?rest_route=\/wp\/v2\/users\/1"}],"replies":[{"embeddable":true,"href":"https:\/\/blitzconquista.com.br\/index.php?rest_route=%2Fwp%2Fv2%2Fcomments&post=39552"}],"version-history":[{"count":0,"href":"https:\/\/blitzconquista.com.br\/index.php?rest_route=\/wp\/v2\/posts\/39552\/revisions"}],"wp:featuredmedia":[{"embeddable":true,"href":"https:\/\/blitzconquista.com.br\/index.php?rest_route=\/wp\/v2\/media\/39555"}],"wp:attachment":[{"href":"https:\/\/blitzconquista.com.br\/index.php?rest_route=%2Fwp%2Fv2%2Fmedia&parent=39552"}],"wp:term":[{"taxonomy":"category","embeddable":true,"href":"https:\/\/blitzconquista.com.br\/index.php?rest_route=%2Fwp%2Fv2%2Fcategories&post=39552"},{"taxonomy":"post_tag","embeddable":true,"href":"https:\/\/blitzconquista.com.br\/index.php?rest_route=%2Fwp%2Fv2%2Ftags&post=39552"}],"curies":[{"name":"wp","href":"https:\/\/api.w.org\/{rel}","templated":true}]}}