{"id":39641,"date":"2015-08-27T00:36:42","date_gmt":"2015-08-27T03:36:42","guid":{"rendered":"http:\/\/blitzconquista.com.br\/?p=39641"},"modified":"2015-08-27T00:36:42","modified_gmt":"2015-08-27T03:36:42","slug":"administracao-municipal-se-reune-com-pais-dos-educandos-do-conquista-crianca","status":"publish","type":"post","link":"https:\/\/blitzconquista.com.br\/?p=39641","title":{"rendered":"Administra\u00e7\u00e3o Municipal se re\u00fane com pais dos educandos do Conquista Crian\u00e7a"},"content":{"rendered":"<p>Desde o in\u00edcio deste ano, a Rede Municipal de ensino de Vit\u00f3ria da Conquista conta com mais uma unidade. Trata-se de uma escola criada para oferecer ensino em tempo integral, exclusivamente a educandos do programa Conquista Crian\u00e7a, executado desde 1997 pela Prefeitura de Vit\u00f3ria da Conquista.<\/p>\n<p style=\"text-align: justify;\">E foi justamente com o intuito de conversar com os pais acerca dessa nova unidade de ensino que o prefeito Guilherme Menezes \u2013\u00a0acompanhado pelos secret\u00e1rios municipais de Educa\u00e7\u00e3o, Valdemir Dias e de Desenvolvimento Social, K\u00e1tia Freitas \u2013 se reuniu com os pais dos alunos, na tarde desta segunda-feira, 24, na sede do programa.<\/p>\n<p style=\"text-align: justify;\">\u201cReuni\u00f5es como essa s\u00e3o de extrema import\u00e2ncia porque a melhor escola \u00e9 aquela em que a fam\u00edlia tamb\u00e9m participa e acompanha de perto o desempenho do aluno. O Conquista Crian\u00e7a foi um sonho que, com muita determina\u00e7\u00e3o pol\u00edtica, conseguimos realizar em 1997 e de l\u00e1 pra c\u00e1 s\u00f3 tem crescido. Quero que voc\u00eas saibam que o Governo Municipal vai continuar investindo no Conquista Crian\u00e7a porque est\u00e1 valendo muito \u00e0 pena. Todos voc\u00eas est\u00e3o de parab\u00e9ns\u201d, destacou o prefeito.<\/p>\n<p style=\"text-align: justify;\">Na oportunidade, a coordenadora do Conquista Crian\u00e7a, Alcina L\u00facia Sim\u00f5es, falou sobre a din\u00e2mica da escola. \u201cAs crian\u00e7as assistem aula normal em um per\u00edodo e no restante do tempo, todos \u2013 inclusive o professor \u2013 est\u00e3o envolvidos em jogos pedag\u00f3gicos, sem que isso signifique ficar presos a livros did\u00e1ticos. Esses jogos visam estimular ainda mais o desenvolvimento dos nossos alunos\u201d, afirmou.<\/p>\n<p style=\"text-align: justify;\">Atualmente, est\u00e3o matriculados 200 alunos: os primeiros 100, com idades entre 9 e 10 anos, cursam do 3\u00ba ao 5\u00ba ano do Ensino Fundamental, pela manh\u00e3; a segunda metade tem de 6 a 8 anos e se divide entre o 1\u00ba e o 2\u00ba ano, estudando \u00e0 tarde. No turno oposto ao das aulas, eles t\u00eam acesso a outras atividades art\u00edsticas e culturais, principalmente por meio das diversas oficinas disponibilizadas pelo Conquista Crian\u00e7a.<\/p>\n<p style=\"text-align: justify;\">A escola em tempo integral tem agradado, e muito, aos pais dos alunos. Para a ex-educanda e agora m\u00e3e de um educando do Conquista Crian\u00e7a, Shirley Silva Barros, a ideia foi excelente. \u201cEu estou muito feliz com essa escola em per\u00edodo integral. Eu fui aluna do Conquista Crian\u00e7a e sei da responsabilidade e da aten\u00e7\u00e3o que eles t\u00eam com os alunos, confio tanto que meu filho de 7 anos estuda aqui\u201d, afirmou.<\/p>\n<p style=\"text-align: justify;\">Quem tamb\u00e9m compartilha com a mesma opini\u00e3o \u00e9 Juliana Fran\u00e7a, m\u00e3e de duas alunas do programa. \u201cEu s\u00f3 tenho a agradecer por esse programa maravilhoso. Meu marido estudou aqui e hoje ele est\u00e1 estudando Engenharia e ele diz que tudo que ele aprendeu na vida foi gra\u00e7as a esse programa e \u00e9 por isso que colocamos as nossas duas filhas aqui\u201d, disse. *Secom<\/p>\n","protected":false},"excerpt":{"rendered":"<p>Desde o in\u00edcio deste ano, a Rede Municipal de ensino de Vit\u00f3ria da Conquista conta com mais uma unidade. Trata-se de uma escola criada para oferecer ensino em tempo integral, exclusivamente a educandos do programa Conquista Crian\u00e7a, executado desde 1997 pela Prefeitura de Vit\u00f3ria da Conquista. E foi justamente com o intuito de conversar com [&hellip;]<\/p>\n","protected":false},"author":1,"featured_media":39642,"comment_status":"open","ping_status":"closed","sticky":false,"template":"","format":"standard","meta":[],"categories":[5],"tags":[],"_links":{"self":[{"href":"https:\/\/blitzconquista.com.br\/index.php?rest_route=\/wp\/v2\/posts\/39641"}],"collection":[{"href":"https:\/\/blitzconquista.com.br\/index.php?rest_route=\/wp\/v2\/posts"}],"about":[{"href":"https:\/\/blitzconquista.com.br\/index.php?rest_route=\/wp\/v2\/types\/post"}],"author":[{"embeddable":true,"href":"https:\/\/blitzconquista.com.br\/index.php?rest_route=\/wp\/v2\/users\/1"}],"replies":[{"embeddable":true,"href":"https:\/\/blitzconquista.com.br\/index.php?rest_route=%2Fwp%2Fv2%2Fcomments&post=39641"}],"version-history":[{"count":0,"href":"https:\/\/blitzconquista.com.br\/index.php?rest_route=\/wp\/v2\/posts\/39641\/revisions"}],"wp:featuredmedia":[{"embeddable":true,"href":"https:\/\/blitzconquista.com.br\/index.php?rest_route=\/wp\/v2\/media\/39642"}],"wp:attachment":[{"href":"https:\/\/blitzconquista.com.br\/index.php?rest_route=%2Fwp%2Fv2%2Fmedia&parent=39641"}],"wp:term":[{"taxonomy":"category","embeddable":true,"href":"https:\/\/blitzconquista.com.br\/index.php?rest_route=%2Fwp%2Fv2%2Fcategories&post=39641"},{"taxonomy":"post_tag","embeddable":true,"href":"https:\/\/blitzconquista.com.br\/index.php?rest_route=%2Fwp%2Fv2%2Ftags&post=39641"}],"curies":[{"name":"wp","href":"https:\/\/api.w.org\/{rel}","templated":true}]}}