{"id":39989,"date":"2015-09-01T00:30:52","date_gmt":"2015-09-01T03:30:52","guid":{"rendered":"http:\/\/blitzconquista.com.br\/?p=39989"},"modified":"2015-09-01T00:30:59","modified_gmt":"2015-09-01T03:30:59","slug":"imbassahy-desdenha-de-lula-em-2018-preocupacao-dele-deve-ser-com-policia-federal","status":"publish","type":"post","link":"https:\/\/blitzconquista.com.br\/?p=39989","title":{"rendered":"Imbassahy desdenha de Lula em 2018: \u2018preocupa\u00e7\u00e3o dele deve ser com Pol\u00edcia Federal\u2019"},"content":{"rendered":"<p>O deputado federal Ant\u00f4nio Imbassahy (PSBD) minimizou a possibilidade do ex-presidente Luiz In\u00e1cio Lula da Silva tentar um terceiro mandato no Pal\u00e1cio do Planalto em 2018 e concorrer mais uma vez com os tucanos. \u201cA preocupa\u00e7\u00e3o do ex-presidente Lula deve ser com a Pol\u00edcia Federal. Essa que \u00e9 a preocupa\u00e7\u00e3o atual dele. Pensar no futuro \u00e9 uma t\u00e9cnica diversionista. Acho que ele tem a quest\u00e3o b\u00e1sica \u00e9 o que est\u00e1 sendo investigado que o envolve diretamente dentro da Opera\u00e7\u00e3o Lava Jato. Dizer que vai ser candidato, n\u00e3o sei se at\u00e9 l\u00e1 com essas possibilidades\u201d, afirmou, em entrevista \u00e0 Tribuna da Bahia. Segundo o parlamentar, o PT \u00e9 um partido em decl\u00ednio que cada vez perde mais popularidade e \u201cquadros valorosos\u201d por ter se \u201cperdido\u201d ao longos dos anos. Membro da CPI da Petobras, Imbassahy crava ainda que vai \u201cchegar o momento\u201d em que Lula ir\u00e1 prestar esclarecimentos. \u201cSe vai prender ou n\u00e3o vai, eu n\u00e3o posso fazer uma afirmativa assim definitiva. (&#8230;)Esse esquema do Petrol\u00e3o n\u00e3o poderia ser feito, como at\u00e9 disse o Alberto Youssef no \u00faltimo depoimento, apenas com entendimentos dentro da Petrobras, empres\u00e1rios e pol\u00edticos. Isso tinha realmente um comando que vinha do Pal\u00e1cio do Planalto\u201d, declarou o tucano. *Fonte: Bahia Not\u00edcias<\/p>\n","protected":false},"excerpt":{"rendered":"<p>O deputado federal Ant\u00f4nio Imbassahy (PSBD) minimizou a possibilidade do ex-presidente Luiz In\u00e1cio Lula da Silva tentar um terceiro mandato no Pal\u00e1cio do Planalto em 2018 e concorrer mais uma vez com os tucanos. \u201cA preocupa\u00e7\u00e3o do ex-presidente Lula deve ser com a Pol\u00edcia Federal. Essa que \u00e9 a preocupa\u00e7\u00e3o atual dele. Pensar no futuro [&hellip;]<\/p>\n","protected":false},"author":1,"featured_media":39990,"comment_status":"open","ping_status":"closed","sticky":false,"template":"","format":"standard","meta":[],"categories":[212,5],"tags":[],"_links":{"self":[{"href":"https:\/\/blitzconquista.com.br\/index.php?rest_route=\/wp\/v2\/posts\/39989"}],"collection":[{"href":"https:\/\/blitzconquista.com.br\/index.php?rest_route=\/wp\/v2\/posts"}],"about":[{"href":"https:\/\/blitzconquista.com.br\/index.php?rest_route=\/wp\/v2\/types\/post"}],"author":[{"embeddable":true,"href":"https:\/\/blitzconquista.com.br\/index.php?rest_route=\/wp\/v2\/users\/1"}],"replies":[{"embeddable":true,"href":"https:\/\/blitzconquista.com.br\/index.php?rest_route=%2Fwp%2Fv2%2Fcomments&post=39989"}],"version-history":[{"count":0,"href":"https:\/\/blitzconquista.com.br\/index.php?rest_route=\/wp\/v2\/posts\/39989\/revisions"}],"wp:featuredmedia":[{"embeddable":true,"href":"https:\/\/blitzconquista.com.br\/index.php?rest_route=\/wp\/v2\/media\/39990"}],"wp:attachment":[{"href":"https:\/\/blitzconquista.com.br\/index.php?rest_route=%2Fwp%2Fv2%2Fmedia&parent=39989"}],"wp:term":[{"taxonomy":"category","embeddable":true,"href":"https:\/\/blitzconquista.com.br\/index.php?rest_route=%2Fwp%2Fv2%2Fcategories&post=39989"},{"taxonomy":"post_tag","embeddable":true,"href":"https:\/\/blitzconquista.com.br\/index.php?rest_route=%2Fwp%2Fv2%2Ftags&post=39989"}],"curies":[{"name":"wp","href":"https:\/\/api.w.org\/{rel}","templated":true}]}}