{"id":40172,"date":"2015-09-04T10:22:40","date_gmt":"2015-09-04T13:22:40","guid":{"rendered":"http:\/\/blitzconquista.com.br\/?p=40172"},"modified":"2015-09-04T10:22:53","modified_gmt":"2015-09-04T13:22:53","slug":"fundacao-de-saude-de-vitoria-da-conquista-e-certificada-como-entidade-beneficente-de-assistencia-social","status":"publish","type":"post","link":"https:\/\/blitzconquista.com.br\/?p=40172","title":{"rendered":"Funda\u00e7\u00e3o de Sa\u00fade de Vit\u00f3ria da Conquista \u00e9 certificada como Entidade Beneficente de Assist\u00eancia Social"},"content":{"rendered":"<div id=\"stcpDiv\">\n<p>Criada em 2011 pela Lei Municipal n\u00ba 1795\/2011, a Funda\u00e7\u00e3o de Sa\u00fade de Vit\u00f3ria da Conquista, que administra o Hospital Municipal Esa\u00fa Matos e o Laborat\u00f3rio Central do Munic\u00edpio, recebeu nesta quinta-feira, 3, o Certificado de Entidades Beneficentes de Assist\u00eancia Social (Cebas). O documento foi expedido pelo Minist\u00e9rio da Sa\u00fade, por meio da Portaria n\u00ba 795, de 2 de setembro de 2015.<\/p>\n<p>O Cebas \u00e9 concedido pelo Minist\u00e9rio da Sa\u00fade \u00e0 pessoa jur\u00eddica de direito privado, sem fins lucrativos, reconhecida como Entidade Beneficente de Assist\u00eancia Social com a finalidade de presta\u00e7\u00e3o de servi\u00e7os na \u00c1rea de Sa\u00fade, cumpridas as condi\u00e7\u00f5es definidas pela legisla\u00e7\u00e3o. A obten\u00e7\u00e3o do CEBAS possibilita \u00e0s entidades a isen\u00e7\u00e3o das contribui\u00e7\u00f5es sociais, em conformidade com a\u00a0Lei n\u00ba 8.212 de 24\/07\/1991\u00a0e a celebra\u00e7\u00e3o de conv\u00eanios com o poder p\u00fablico, dentre outros.<\/p>\n<p>O pedido para que a Funda\u00e7\u00e3o de Sa\u00fade recebesse tal certifica\u00e7\u00e3o j\u00e1 havia sido feito pelo prefeito Guilherme Menezes durante audi\u00eancia com o ministro da Sa\u00fade, Arthur Chioro, e foi reiterado por ao longo das agendas que o gestor cumpriu em Bras\u00edlia. A mobiliza\u00e7\u00e3o contou tamb\u00e9m com o apoio e intermedia\u00e7\u00e3o, do assessor do ministro, Alfredo Boasorte e do deputado federal, Jorge Solla.<\/p>\n<p>Com a certifica\u00e7\u00e3o, a Funda\u00e7\u00e3o poder\u00e1 qualificar ainda mais os servi\u00e7os prestados \u00e0 comunidade pelo Sistema \u00danico de Sa\u00fade (SUS). \u201c\u00c9 uma grande vit\u00f3ria. Primeiro, pelo reconhecimento da entidade que \u00e9 100% p\u00fablica \u2013 ou seja, n\u00e3o cobra nenhum centavo por nenhum procedimento \u2013 e merecedora de receber o Cebas. Segundo, porque representa uma otimiza\u00e7\u00e3o dos recursos\u201d, avaliou o prefeito Guilherme. *Secom<\/p>\n<\/div>\n","protected":false},"excerpt":{"rendered":"<p>Criada em 2011 pela Lei Municipal n\u00ba 1795\/2011, a Funda\u00e7\u00e3o de Sa\u00fade de Vit\u00f3ria da Conquista, que administra o Hospital Municipal Esa\u00fa Matos e o Laborat\u00f3rio Central do Munic\u00edpio, recebeu nesta quinta-feira, 3, o Certificado de Entidades Beneficentes de Assist\u00eancia Social (Cebas). O documento foi expedido pelo Minist\u00e9rio da Sa\u00fade, por meio da Portaria n\u00ba [&hellip;]<\/p>\n","protected":false},"author":1,"featured_media":38842,"comment_status":"open","ping_status":"closed","sticky":false,"template":"","format":"standard","meta":[],"categories":[212,30],"tags":[],"_links":{"self":[{"href":"https:\/\/blitzconquista.com.br\/index.php?rest_route=\/wp\/v2\/posts\/40172"}],"collection":[{"href":"https:\/\/blitzconquista.com.br\/index.php?rest_route=\/wp\/v2\/posts"}],"about":[{"href":"https:\/\/blitzconquista.com.br\/index.php?rest_route=\/wp\/v2\/types\/post"}],"author":[{"embeddable":true,"href":"https:\/\/blitzconquista.com.br\/index.php?rest_route=\/wp\/v2\/users\/1"}],"replies":[{"embeddable":true,"href":"https:\/\/blitzconquista.com.br\/index.php?rest_route=%2Fwp%2Fv2%2Fcomments&post=40172"}],"version-history":[{"count":0,"href":"https:\/\/blitzconquista.com.br\/index.php?rest_route=\/wp\/v2\/posts\/40172\/revisions"}],"wp:featuredmedia":[{"embeddable":true,"href":"https:\/\/blitzconquista.com.br\/index.php?rest_route=\/wp\/v2\/media\/38842"}],"wp:attachment":[{"href":"https:\/\/blitzconquista.com.br\/index.php?rest_route=%2Fwp%2Fv2%2Fmedia&parent=40172"}],"wp:term":[{"taxonomy":"category","embeddable":true,"href":"https:\/\/blitzconquista.com.br\/index.php?rest_route=%2Fwp%2Fv2%2Fcategories&post=40172"},{"taxonomy":"post_tag","embeddable":true,"href":"https:\/\/blitzconquista.com.br\/index.php?rest_route=%2Fwp%2Fv2%2Ftags&post=40172"}],"curies":[{"name":"wp","href":"https:\/\/api.w.org\/{rel}","templated":true}]}}