{"id":40174,"date":"2015-09-04T10:26:15","date_gmt":"2015-09-04T13:26:15","guid":{"rendered":"http:\/\/blitzconquista.com.br\/?p=40174"},"modified":"2015-09-04T10:26:24","modified_gmt":"2015-09-04T13:26:24","slug":"uesb-promove-campanha-setembro-amarelo","status":"publish","type":"post","link":"https:\/\/blitzconquista.com.br\/?p=40174","title":{"rendered":"UESB promove Campanha \u201cSetembro Amarelo\u201d"},"content":{"rendered":"<p>Durante todo o m\u00eas de setembro, a Uesb, por meio do Centro Universit\u00e1rio de Aten\u00e7\u00e3o \u00e0 Sa\u00fade (Ceaus), se veste de amarelo para a Campanha de Preven\u00e7\u00e3o ao Suic\u00eddio. A proposta \u00e9 dar visibilidade \u00e0 tem\u00e1tica e firmar o compromisso com a vida. Conhecido como \u201cSetembro Amarelo\u201d, a campanha contar\u00e1 com mini palestras, distribui\u00e7\u00e3o de folhetos informativos, orienta\u00e7\u00e3o e escuta com psic\u00f3logos e enfermeiros.<\/p>\n<p>Contando com a parceria de profissionais que atuam nessa \u00e1rea, as a\u00e7\u00f5es buscam sinalizar os tra\u00e7os do perfil de potenciais suicidas, quadros que podem levar ao problema e onde buscar orienta\u00e7\u00e3o. Com a\u00e7\u00f5es durante todo o m\u00eas no Ceuas, a Campanha ser\u00e1 finalizada com uma a\u00e7\u00e3o social no campus, agendada para o dia 23 de setembro, das 8 \u00e0s 12 horas e das 14 \u00e0s 18 horas. Al\u00e9m do \u201cSetembro Amarelo\u201d, a a\u00e7\u00e3o contar\u00e1 com Campanha de Vacina, al\u00e9m de atividades l\u00fadicas e culturais.<\/p>\n<p>Para mais informa\u00e7\u00f5es, entre em contato com o Ceaus pelo telefone (77) 3424-8689. *Ascom Uesb<\/p>\n","protected":false},"excerpt":{"rendered":"<p>Durante todo o m\u00eas de setembro, a Uesb, por meio do Centro Universit\u00e1rio de Aten\u00e7\u00e3o \u00e0 Sa\u00fade (Ceaus), se veste de amarelo para a Campanha de Preven\u00e7\u00e3o ao Suic\u00eddio. A proposta \u00e9 dar visibilidade \u00e0 tem\u00e1tica e firmar o compromisso com a vida. Conhecido como \u201cSetembro Amarelo\u201d, a campanha contar\u00e1 com mini palestras, distribui\u00e7\u00e3o de [&hellip;]<\/p>\n","protected":false},"author":1,"featured_media":40175,"comment_status":"open","ping_status":"closed","sticky":false,"template":"","format":"standard","meta":[],"categories":[212,28],"tags":[],"_links":{"self":[{"href":"https:\/\/blitzconquista.com.br\/index.php?rest_route=\/wp\/v2\/posts\/40174"}],"collection":[{"href":"https:\/\/blitzconquista.com.br\/index.php?rest_route=\/wp\/v2\/posts"}],"about":[{"href":"https:\/\/blitzconquista.com.br\/index.php?rest_route=\/wp\/v2\/types\/post"}],"author":[{"embeddable":true,"href":"https:\/\/blitzconquista.com.br\/index.php?rest_route=\/wp\/v2\/users\/1"}],"replies":[{"embeddable":true,"href":"https:\/\/blitzconquista.com.br\/index.php?rest_route=%2Fwp%2Fv2%2Fcomments&post=40174"}],"version-history":[{"count":0,"href":"https:\/\/blitzconquista.com.br\/index.php?rest_route=\/wp\/v2\/posts\/40174\/revisions"}],"wp:featuredmedia":[{"embeddable":true,"href":"https:\/\/blitzconquista.com.br\/index.php?rest_route=\/wp\/v2\/media\/40175"}],"wp:attachment":[{"href":"https:\/\/blitzconquista.com.br\/index.php?rest_route=%2Fwp%2Fv2%2Fmedia&parent=40174"}],"wp:term":[{"taxonomy":"category","embeddable":true,"href":"https:\/\/blitzconquista.com.br\/index.php?rest_route=%2Fwp%2Fv2%2Fcategories&post=40174"},{"taxonomy":"post_tag","embeddable":true,"href":"https:\/\/blitzconquista.com.br\/index.php?rest_route=%2Fwp%2Fv2%2Ftags&post=40174"}],"curies":[{"name":"wp","href":"https:\/\/api.w.org\/{rel}","templated":true}]}}