{"id":40211,"date":"2015-09-05T01:26:30","date_gmt":"2015-09-05T04:26:30","guid":{"rendered":"http:\/\/blitzconquista.com.br\/?p=40211"},"modified":"2015-09-05T15:31:26","modified_gmt":"2015-09-05T18:31:26","slug":"quatro-moradores-em-situacao-sao-esfaqueados","status":"publish","type":"post","link":"https:\/\/blitzconquista.com.br\/?p=40211","title":{"rendered":"Quatro moradores em situa\u00e7\u00e3o de rua s\u00e3o esfaqueados"},"content":{"rendered":"<p>Quatro moradores em situa\u00e7\u00e3o de rua foram esfaqueados na noite desta sexta-feira, 04, em Vit\u00f3ria da Conquista. Todas as v\u00edtimas pertencem ao grupo que se instalou na Av. Integra\u00e7\u00e3o, pr\u00f3ximo ao acesso da Av. Maranh\u00e3o. Parentes e conhecidos das v\u00edtimas disseram n\u00e3o conhecer os agressores e desconhecer o motivo das agress\u00f5es. Entretanto, populares disseram que as agress\u00f5es ocorreram depois de brigas entre os envolvidos.<br \/>\nAs quatro v\u00edtimas foram socorridas pelo Samu 192 e encaminhadas para unidades de sa\u00fade da cidade. A PM realizou rondas pela regi\u00e3o, mas n\u00e3o obteve \u00eaxito na captura dos criminosos.<br \/>\nA assessoria da Administra\u00e7\u00e3o Municipal informou que as Secretarias de Assist\u00eancia Social e Sa\u00fade foram acionadas para que prestem assist\u00eancia \u00e0s v\u00edtimas.<\/p>\n","protected":false},"excerpt":{"rendered":"<p>Quatro moradores em situa\u00e7\u00e3o de rua foram esfaqueados na noite desta sexta-feira, 04, em Vit\u00f3ria da Conquista. Todas as v\u00edtimas pertencem ao grupo que se instalou na Av. Integra\u00e7\u00e3o, pr\u00f3ximo ao acesso da Av. Maranh\u00e3o. Parentes e conhecidos das v\u00edtimas disseram n\u00e3o conhecer os agressores e desconhecer o motivo das agress\u00f5es. Entretanto, populares disseram que [&hellip;]<\/p>\n","protected":false},"author":1,"featured_media":40212,"comment_status":"open","ping_status":"closed","sticky":false,"template":"","format":"standard","meta":[],"categories":[212,3],"tags":[],"_links":{"self":[{"href":"https:\/\/blitzconquista.com.br\/index.php?rest_route=\/wp\/v2\/posts\/40211"}],"collection":[{"href":"https:\/\/blitzconquista.com.br\/index.php?rest_route=\/wp\/v2\/posts"}],"about":[{"href":"https:\/\/blitzconquista.com.br\/index.php?rest_route=\/wp\/v2\/types\/post"}],"author":[{"embeddable":true,"href":"https:\/\/blitzconquista.com.br\/index.php?rest_route=\/wp\/v2\/users\/1"}],"replies":[{"embeddable":true,"href":"https:\/\/blitzconquista.com.br\/index.php?rest_route=%2Fwp%2Fv2%2Fcomments&post=40211"}],"version-history":[{"count":0,"href":"https:\/\/blitzconquista.com.br\/index.php?rest_route=\/wp\/v2\/posts\/40211\/revisions"}],"wp:featuredmedia":[{"embeddable":true,"href":"https:\/\/blitzconquista.com.br\/index.php?rest_route=\/wp\/v2\/media\/40212"}],"wp:attachment":[{"href":"https:\/\/blitzconquista.com.br\/index.php?rest_route=%2Fwp%2Fv2%2Fmedia&parent=40211"}],"wp:term":[{"taxonomy":"category","embeddable":true,"href":"https:\/\/blitzconquista.com.br\/index.php?rest_route=%2Fwp%2Fv2%2Fcategories&post=40211"},{"taxonomy":"post_tag","embeddable":true,"href":"https:\/\/blitzconquista.com.br\/index.php?rest_route=%2Fwp%2Fv2%2Ftags&post=40211"}],"curies":[{"name":"wp","href":"https:\/\/api.w.org\/{rel}","templated":true}]}}