{"id":40312,"date":"2015-09-07T20:37:45","date_gmt":"2015-09-07T23:37:45","guid":{"rendered":"http:\/\/blitzconquista.com.br\/?p=40312"},"modified":"2015-09-07T20:38:05","modified_gmt":"2015-09-07T23:38:05","slug":"vitoria-da-conquista-comemora-com-desfile-civico-os-193-anos-da-independencia-do-brasil","status":"publish","type":"post","link":"https:\/\/blitzconquista.com.br\/?p=40312","title":{"rendered":"Vit\u00f3ria da Conquista comemora com desfile c\u00edvico os 193 anos da Independ\u00eancia do Brasil"},"content":{"rendered":"<div id=\"stcpDiv\">\n<p><strong>O cortejo foi realizado na Avenida Integra\u00e7\u00e3o e atraiu milhares de espectadores<\/strong><\/p>\n<div>Em mais um ano consecutivo, Vit\u00f3ria da Conquista deu exemplo de patriotismo e reuniu milhares de conquistenses na Avenida Integra\u00e7\u00e3o. Isso porque, na manh\u00e3 desta segunda-feira, aconteceu o desfile c\u00edvico de 7 de Setembro que reuniu representantes de diversas institui\u00e7\u00f5es da cidade, sociedade civil organizada e membros da Prefeitura Municipal. A celebra\u00e7\u00e3o \u2013 com o tema\u00a0\u201cCelebrar a Independ\u00eancia: proclamando uma cultura de paz e n\u00e3o viol\u00eancia\u201d &#8211;\u00a0envolveu cerca de 6 mil pessoas de diferentes faixas et\u00e1rias que desfilaram no cortejo, que marcou os 193 anos de Independ\u00eancia do Brasil.<\/div>\n<div><img decoding=\"async\" loading=\"lazy\" class=\"size-large wp-image-40327 aligncenter\" src=\"http:\/\/blitzconquista.com.br\/wp-content\/uploads\/2015\/09\/desfile-7-de-setembro-de-2015-15-680x383.jpg\" alt=\"desfile 7 de setembro de 2015 (15)\" width=\"680\" height=\"383\" srcset=\"https:\/\/blitzconquista.com.br\/wp-content\/uploads\/2015\/09\/desfile-7-de-setembro-de-2015-15-680x383.jpg 680w, https:\/\/blitzconquista.com.br\/wp-content\/uploads\/2015\/09\/desfile-7-de-setembro-de-2015-15-300x169.jpg 300w, https:\/\/blitzconquista.com.br\/wp-content\/uploads\/2015\/09\/desfile-7-de-setembro-de-2015-15.jpg 1600w\" sizes=\"(max-width: 680px) 100vw, 680px\" \/><\/div>\n<div><\/div>\n<div>\u201cReverenciar essa data magna \u00e9 um dever dos brasileiros e, em Vit\u00f3ria da Conquista, seguimos com essa tradi\u00e7\u00e3o em que comemora-se a Independ\u00eancia do Brasil. A popula\u00e7\u00e3o sabe dessa import\u00e2ncia e participa com muito respeito. Este ano, com esse tema de cultura de paz, relembramos o combate \u00e0 cultura de \u00f3dio que muitos tentam disseminar na nossa sociedade. Trata-se, portanto, de um dia importante para o Governo que sempre conta, tamb\u00e9m, com a parceria da Pol\u00edcia Militar, Corpo de Bombeiros, Ex\u00e9rcito e todos os seguimentos da sociedade\u201d, afirmou o prefeito Guilherme Menezes, na oportunidade.<\/div>\n<div><img decoding=\"async\" loading=\"lazy\" class=\"size-large wp-image-40325 aligncenter\" src=\"http:\/\/blitzconquista.com.br\/wp-content\/uploads\/2015\/09\/desfile-7-de-setembro-de-2015-13-680x383.jpg\" alt=\"desfile 7 de setembro de 2015 (13)\" width=\"680\" height=\"383\" srcset=\"https:\/\/blitzconquista.com.br\/wp-content\/uploads\/2015\/09\/desfile-7-de-setembro-de-2015-13-680x383.jpg 680w, https:\/\/blitzconquista.com.br\/wp-content\/uploads\/2015\/09\/desfile-7-de-setembro-de-2015-13-300x169.jpg 300w, https:\/\/blitzconquista.com.br\/wp-content\/uploads\/2015\/09\/desfile-7-de-setembro-de-2015-13.jpg 1600w\" sizes=\"(max-width: 680px) 100vw, 680px\" \/><\/div>\n<div><\/div>\n<div>Entendendo essa import\u00e2ncia, a operadora de caixa, Deusilene Rodrigues Costa, conta que sempre acompanha o desfile. \u201cVenho todos os anos porque sei o quanto \u00e9 importante relembrarmos a nossa hist\u00f3ria, al\u00e9m do mais, o evento \u00e9 lindo e bastante representativo\u201d.<\/div>\n<div>\n<p><img decoding=\"async\" loading=\"lazy\" class=\"size-large wp-image-40329\" src=\"http:\/\/blitzconquista.com.br\/wp-content\/uploads\/2015\/09\/desfile-7-de-setembro-de-2015-17-680x454.jpg\" alt=\"????????????????????????????????????\" width=\"680\" height=\"454\" srcset=\"https:\/\/blitzconquista.com.br\/wp-content\/uploads\/2015\/09\/desfile-7-de-setembro-de-2015-17-680x454.jpg 680w, https:\/\/blitzconquista.com.br\/wp-content\/uploads\/2015\/09\/desfile-7-de-setembro-de-2015-17-300x200.jpg 300w, https:\/\/blitzconquista.com.br\/wp-content\/uploads\/2015\/09\/desfile-7-de-setembro-de-2015-17.jpg 1024w\" sizes=\"(max-width: 680px) 100vw, 680px\" \/><\/p>\n<\/div>\n<div><\/div>\n<div>O ato c\u00edvico \u00e9 promovido pela Prefeitura Municipal, por meio da Secretaria Municipal de Educa\u00e7\u00e3o, e tem a contribui\u00e7\u00e3o das demais secretarias municipais atrav\u00e9s da apresenta\u00e7\u00e3o dos diversos servi\u00e7os p\u00fablicos oferecidos \u00e0 popula\u00e7\u00e3o por meio dessas equipes.<\/div>\n<div><a href=\"http:\/\/www.pmvc.ba.gov.br\/v2\/wp-content\/uploads\/SC2_0062ed.jpg\" rel=\"shadowbox\"><img decoding=\"async\" loading=\"lazy\" class=\"aligncenter wp-image-96661\" title=\"SC2_0062ed\" src=\"http:\/\/www.pmvc.ba.gov.br\/v2\/wp-content\/uploads\/SC2_0062ed-598x399.jpg\" alt=\"\" width=\"538\" height=\"359\" \/><\/a><\/div>\n<div><\/div>\n<div>Passaram pela Avenida Integra\u00e7\u00e3o, grupamentos militares, entidades civis, fanfarras dos col\u00e9gios estaduais, movimentos sociais e o projeto Reden\u00e7\u00e3o. *Secom<\/div>\n<div>Veja mais imagens do desfile.<\/div>\n<div>\n<div id='gallery-1' class='gallery galleryid-40312 gallery-columns-2 gallery-size-herald-lay-a'><figure class='gallery-item'>\n\t\t\t<div class='gallery-icon landscape'>\n\t\t\t\t<a class=\"herald-popup\" href='https:\/\/blitzconquista.com.br\/wp-content\/uploads\/2015\/09\/desfile-7-de-setembro-de-2015-20.jpg'><img width=\"598\" height=\"399\" src=\"https:\/\/blitzconquista.com.br\/wp-content\/uploads\/2015\/09\/desfile-7-de-setembro-de-2015-20.jpg\" class=\"attachment-herald-lay-a size-herald-lay-a\" alt=\"\" decoding=\"async\" loading=\"lazy\" srcset=\"https:\/\/blitzconquista.com.br\/wp-content\/uploads\/2015\/09\/desfile-7-de-setembro-de-2015-20.jpg 598w, https:\/\/blitzconquista.com.br\/wp-content\/uploads\/2015\/09\/desfile-7-de-setembro-de-2015-20-300x200.jpg 300w\" sizes=\"(max-width: 598px) 100vw, 598px\" \/><\/a>\n\t\t\t<\/div><\/figure><figure class='gallery-item'>\n\t\t\t<div class='gallery-icon landscape'>\n\t\t\t\t<a class=\"herald-popup\" href='https:\/\/blitzconquista.com.br\/wp-content\/uploads\/2015\/09\/desfile-7-de-setembro-de-2015-9.jpg'><img width=\"988\" height=\"556\" src=\"https:\/\/blitzconquista.com.br\/wp-content\/uploads\/2015\/09\/desfile-7-de-setembro-de-2015-9.jpg\" class=\"attachment-herald-lay-a size-herald-lay-a\" alt=\"\" decoding=\"async\" loading=\"lazy\" srcset=\"https:\/\/blitzconquista.com.br\/wp-content\/uploads\/2015\/09\/desfile-7-de-setembro-de-2015-9.jpg 1600w, https:\/\/blitzconquista.com.br\/wp-content\/uploads\/2015\/09\/desfile-7-de-setembro-de-2015-9-300x169.jpg 300w, https:\/\/blitzconquista.com.br\/wp-content\/uploads\/2015\/09\/desfile-7-de-setembro-de-2015-9-680x383.jpg 680w\" sizes=\"(max-width: 988px) 100vw, 988px\" \/><\/a>\n\t\t\t<\/div><\/figure><figure class='gallery-item'>\n\t\t\t<div class='gallery-icon landscape'>\n\t\t\t\t<a class=\"herald-popup\" href='https:\/\/blitzconquista.com.br\/wp-content\/uploads\/2015\/09\/desfile-7-de-setembro-de-2015-4.jpg'><img width=\"988\" height=\"556\" src=\"https:\/\/blitzconquista.com.br\/wp-content\/uploads\/2015\/09\/desfile-7-de-setembro-de-2015-4.jpg\" class=\"attachment-herald-lay-a size-herald-lay-a\" alt=\"\" decoding=\"async\" loading=\"lazy\" srcset=\"https:\/\/blitzconquista.com.br\/wp-content\/uploads\/2015\/09\/desfile-7-de-setembro-de-2015-4.jpg 1600w, https:\/\/blitzconquista.com.br\/wp-content\/uploads\/2015\/09\/desfile-7-de-setembro-de-2015-4-300x169.jpg 300w, https:\/\/blitzconquista.com.br\/wp-content\/uploads\/2015\/09\/desfile-7-de-setembro-de-2015-4-680x383.jpg 680w\" sizes=\"(max-width: 988px) 100vw, 988px\" \/><\/a>\n\t\t\t<\/div><\/figure><figure class='gallery-item'>\n\t\t\t<div class='gallery-icon landscape'>\n\t\t\t\t<a class=\"herald-popup\" href='https:\/\/blitzconquista.com.br\/wp-content\/uploads\/2015\/09\/desfile-7-de-setembro-de-2015-15.jpg'><img width=\"988\" height=\"556\" src=\"https:\/\/blitzconquista.com.br\/wp-content\/uploads\/2015\/09\/desfile-7-de-setembro-de-2015-15.jpg\" class=\"attachment-herald-lay-a size-herald-lay-a\" alt=\"\" decoding=\"async\" loading=\"lazy\" srcset=\"https:\/\/blitzconquista.com.br\/wp-content\/uploads\/2015\/09\/desfile-7-de-setembro-de-2015-15.jpg 1600w, https:\/\/blitzconquista.com.br\/wp-content\/uploads\/2015\/09\/desfile-7-de-setembro-de-2015-15-300x169.jpg 300w, https:\/\/blitzconquista.com.br\/wp-content\/uploads\/2015\/09\/desfile-7-de-setembro-de-2015-15-680x383.jpg 680w\" sizes=\"(max-width: 988px) 100vw, 988px\" \/><\/a>\n\t\t\t<\/div><\/figure><figure class='gallery-item'>\n\t\t\t<div class='gallery-icon landscape'>\n\t\t\t\t<a class=\"herald-popup\" href='https:\/\/blitzconquista.com.br\/wp-content\/uploads\/2015\/09\/desfile-7-de-setembro-de-2015-1.jpg'><img width=\"988\" height=\"556\" src=\"https:\/\/blitzconquista.com.br\/wp-content\/uploads\/2015\/09\/desfile-7-de-setembro-de-2015-1.jpg\" class=\"attachment-herald-lay-a size-herald-lay-a\" alt=\"\" decoding=\"async\" loading=\"lazy\" srcset=\"https:\/\/blitzconquista.com.br\/wp-content\/uploads\/2015\/09\/desfile-7-de-setembro-de-2015-1.jpg 1600w, https:\/\/blitzconquista.com.br\/wp-content\/uploads\/2015\/09\/desfile-7-de-setembro-de-2015-1-300x169.jpg 300w, https:\/\/blitzconquista.com.br\/wp-content\/uploads\/2015\/09\/desfile-7-de-setembro-de-2015-1-680x383.jpg 680w\" sizes=\"(max-width: 988px) 100vw, 988px\" \/><\/a>\n\t\t\t<\/div><\/figure><figure class='gallery-item'>\n\t\t\t<div class='gallery-icon landscape'>\n\t\t\t\t<a class=\"herald-popup\" href='https:\/\/blitzconquista.com.br\/wp-content\/uploads\/2015\/09\/desfile-7-de-setembro-de-2015-18.jpg'><img width=\"598\" height=\"399\" src=\"https:\/\/blitzconquista.com.br\/wp-content\/uploads\/2015\/09\/desfile-7-de-setembro-de-2015-18.jpg\" class=\"attachment-herald-lay-a size-herald-lay-a\" alt=\"\" decoding=\"async\" loading=\"lazy\" srcset=\"https:\/\/blitzconquista.com.br\/wp-content\/uploads\/2015\/09\/desfile-7-de-setembro-de-2015-18.jpg 598w, https:\/\/blitzconquista.com.br\/wp-content\/uploads\/2015\/09\/desfile-7-de-setembro-de-2015-18-300x200.jpg 300w\" sizes=\"(max-width: 598px) 100vw, 598px\" \/><\/a>\n\t\t\t<\/div><\/figure><figure class='gallery-item'>\n\t\t\t<div class='gallery-icon landscape'>\n\t\t\t\t<a class=\"herald-popup\" href='https:\/\/blitzconquista.com.br\/wp-content\/uploads\/2015\/09\/desfile-7-de-setembro-de-2015-7.jpg'><img width=\"988\" height=\"556\" src=\"https:\/\/blitzconquista.com.br\/wp-content\/uploads\/2015\/09\/desfile-7-de-setembro-de-2015-7.jpg\" class=\"attachment-herald-lay-a size-herald-lay-a\" alt=\"\" decoding=\"async\" loading=\"lazy\" srcset=\"https:\/\/blitzconquista.com.br\/wp-content\/uploads\/2015\/09\/desfile-7-de-setembro-de-2015-7.jpg 1600w, https:\/\/blitzconquista.com.br\/wp-content\/uploads\/2015\/09\/desfile-7-de-setembro-de-2015-7-300x169.jpg 300w, https:\/\/blitzconquista.com.br\/wp-content\/uploads\/2015\/09\/desfile-7-de-setembro-de-2015-7-680x383.jpg 680w\" sizes=\"(max-width: 988px) 100vw, 988px\" \/><\/a>\n\t\t\t<\/div><\/figure><figure class='gallery-item'>\n\t\t\t<div class='gallery-icon landscape'>\n\t\t\t\t<a class=\"herald-popup\" href='https:\/\/blitzconquista.com.br\/wp-content\/uploads\/2015\/09\/desfile-7-de-setembro-de-2015-13.jpg'><img width=\"988\" height=\"556\" src=\"https:\/\/blitzconquista.com.br\/wp-content\/uploads\/2015\/09\/desfile-7-de-setembro-de-2015-13.jpg\" class=\"attachment-herald-lay-a size-herald-lay-a\" alt=\"\" decoding=\"async\" loading=\"lazy\" srcset=\"https:\/\/blitzconquista.com.br\/wp-content\/uploads\/2015\/09\/desfile-7-de-setembro-de-2015-13.jpg 1600w, https:\/\/blitzconquista.com.br\/wp-content\/uploads\/2015\/09\/desfile-7-de-setembro-de-2015-13-300x169.jpg 300w, https:\/\/blitzconquista.com.br\/wp-content\/uploads\/2015\/09\/desfile-7-de-setembro-de-2015-13-680x383.jpg 680w\" sizes=\"(max-width: 988px) 100vw, 988px\" \/><\/a>\n\t\t\t<\/div><\/figure><figure class='gallery-item'>\n\t\t\t<div class='gallery-icon landscape'>\n\t\t\t\t<a class=\"herald-popup\" href='https:\/\/blitzconquista.com.br\/wp-content\/uploads\/2015\/09\/desfile-7-de-setembro-de-2015-12.jpg'><img width=\"741\" height=\"556\" src=\"https:\/\/blitzconquista.com.br\/wp-content\/uploads\/2015\/09\/desfile-7-de-setembro-de-2015-12.jpg\" class=\"attachment-herald-lay-a size-herald-lay-a\" alt=\"\" decoding=\"async\" loading=\"lazy\" srcset=\"https:\/\/blitzconquista.com.br\/wp-content\/uploads\/2015\/09\/desfile-7-de-setembro-de-2015-12.jpg 1280w, https:\/\/blitzconquista.com.br\/wp-content\/uploads\/2015\/09\/desfile-7-de-setembro-de-2015-12-300x225.jpg 300w, https:\/\/blitzconquista.com.br\/wp-content\/uploads\/2015\/09\/desfile-7-de-setembro-de-2015-12-680x510.jpg 680w, https:\/\/blitzconquista.com.br\/wp-content\/uploads\/2015\/09\/desfile-7-de-setembro-de-2015-12-100x75.jpg 100w\" sizes=\"(max-width: 741px) 100vw, 741px\" \/><\/a>\n\t\t\t<\/div><\/figure><figure class='gallery-item'>\n\t\t\t<div class='gallery-icon landscape'>\n\t\t\t\t<a class=\"herald-popup\" href='https:\/\/blitzconquista.com.br\/wp-content\/uploads\/2015\/09\/desfile-7-de-setembro-de-2015-19.jpg'><img width=\"834\" height=\"556\" src=\"https:\/\/blitzconquista.com.br\/wp-content\/uploads\/2015\/09\/desfile-7-de-setembro-de-2015-19.jpg\" class=\"attachment-herald-lay-a size-herald-lay-a\" alt=\"\" decoding=\"async\" loading=\"lazy\" aria-describedby=\"gallery-1-40331\" srcset=\"https:\/\/blitzconquista.com.br\/wp-content\/uploads\/2015\/09\/desfile-7-de-setembro-de-2015-19.jpg 1024w, https:\/\/blitzconquista.com.br\/wp-content\/uploads\/2015\/09\/desfile-7-de-setembro-de-2015-19-300x200.jpg 300w, https:\/\/blitzconquista.com.br\/wp-content\/uploads\/2015\/09\/desfile-7-de-setembro-de-2015-19-680x454.jpg 680w\" sizes=\"(max-width: 834px) 100vw, 834px\" \/><\/a>\n\t\t\t<\/div>\n\t\t\t\t<figcaption class='wp-caption-text gallery-caption' id='gallery-1-40331'>\n\t\t\t\t????????????????????????????????????\n\t\t\t\t<\/figcaption><\/figure><figure class='gallery-item'>\n\t\t\t<div class='gallery-icon landscape'>\n\t\t\t\t<a class=\"herald-popup\" href='https:\/\/blitzconquista.com.br\/wp-content\/uploads\/2015\/09\/desfile-7-de-setembro-de-2015-10.jpg'><img width=\"988\" height=\"556\" src=\"https:\/\/blitzconquista.com.br\/wp-content\/uploads\/2015\/09\/desfile-7-de-setembro-de-2015-10.jpg\" class=\"attachment-herald-lay-a size-herald-lay-a\" alt=\"\" decoding=\"async\" loading=\"lazy\" srcset=\"https:\/\/blitzconquista.com.br\/wp-content\/uploads\/2015\/09\/desfile-7-de-setembro-de-2015-10.jpg 1600w, https:\/\/blitzconquista.com.br\/wp-content\/uploads\/2015\/09\/desfile-7-de-setembro-de-2015-10-300x169.jpg 300w, https:\/\/blitzconquista.com.br\/wp-content\/uploads\/2015\/09\/desfile-7-de-setembro-de-2015-10-680x383.jpg 680w\" sizes=\"(max-width: 988px) 100vw, 988px\" \/><\/a>\n\t\t\t<\/div><\/figure><figure class='gallery-item'>\n\t\t\t<div class='gallery-icon portrait'>\n\t\t\t\t<a class=\"herald-popup\" href='https:\/\/blitzconquista.com.br\/wp-content\/uploads\/2015\/09\/desfile-7-de-setembro-de-2015-5.jpg'><img width=\"313\" height=\"556\" src=\"https:\/\/blitzconquista.com.br\/wp-content\/uploads\/2015\/09\/desfile-7-de-setembro-de-2015-5.jpg\" class=\"attachment-herald-lay-a size-herald-lay-a\" alt=\"\" decoding=\"async\" loading=\"lazy\" srcset=\"https:\/\/blitzconquista.com.br\/wp-content\/uploads\/2015\/09\/desfile-7-de-setembro-de-2015-5.jpg 900w, https:\/\/blitzconquista.com.br\/wp-content\/uploads\/2015\/09\/desfile-7-de-setembro-de-2015-5-169x300.jpg 169w, https:\/\/blitzconquista.com.br\/wp-content\/uploads\/2015\/09\/desfile-7-de-setembro-de-2015-5-383x680.jpg 383w\" sizes=\"(max-width: 313px) 100vw, 313px\" \/><\/a>\n\t\t\t<\/div><\/figure><figure class='gallery-item'>\n\t\t\t<div class='gallery-icon portrait'>\n\t\t\t\t<a class=\"herald-popup\" href='https:\/\/blitzconquista.com.br\/wp-content\/uploads\/2015\/09\/desfile-7-de-setembro-de-2015-8.jpg'><img width=\"313\" height=\"556\" src=\"https:\/\/blitzconquista.com.br\/wp-content\/uploads\/2015\/09\/desfile-7-de-setembro-de-2015-8.jpg\" class=\"attachment-herald-lay-a size-herald-lay-a\" alt=\"\" decoding=\"async\" loading=\"lazy\" srcset=\"https:\/\/blitzconquista.com.br\/wp-content\/uploads\/2015\/09\/desfile-7-de-setembro-de-2015-8.jpg 900w, https:\/\/blitzconquista.com.br\/wp-content\/uploads\/2015\/09\/desfile-7-de-setembro-de-2015-8-169x300.jpg 169w, https:\/\/blitzconquista.com.br\/wp-content\/uploads\/2015\/09\/desfile-7-de-setembro-de-2015-8-383x680.jpg 383w\" sizes=\"(max-width: 313px) 100vw, 313px\" \/><\/a>\n\t\t\t<\/div><\/figure><figure class='gallery-item'>\n\t\t\t<div class='gallery-icon landscape'>\n\t\t\t\t<a class=\"herald-popup\" href='https:\/\/blitzconquista.com.br\/wp-content\/uploads\/2015\/09\/desfile-7-de-setembro-de-2015-14.jpg'><img width=\"988\" height=\"556\" src=\"https:\/\/blitzconquista.com.br\/wp-content\/uploads\/2015\/09\/desfile-7-de-setembro-de-2015-14.jpg\" class=\"attachment-herald-lay-a size-herald-lay-a\" alt=\"\" decoding=\"async\" loading=\"lazy\" srcset=\"https:\/\/blitzconquista.com.br\/wp-content\/uploads\/2015\/09\/desfile-7-de-setembro-de-2015-14.jpg 1600w, https:\/\/blitzconquista.com.br\/wp-content\/uploads\/2015\/09\/desfile-7-de-setembro-de-2015-14-300x169.jpg 300w, https:\/\/blitzconquista.com.br\/wp-content\/uploads\/2015\/09\/desfile-7-de-setembro-de-2015-14-680x383.jpg 680w\" sizes=\"(max-width: 988px) 100vw, 988px\" \/><\/a>\n\t\t\t<\/div><\/figure><figure class='gallery-item'>\n\t\t\t<div class='gallery-icon landscape'>\n\t\t\t\t<a class=\"herald-popup\" href='https:\/\/blitzconquista.com.br\/wp-content\/uploads\/2015\/09\/desfile-7-de-setembro-de-2015-3.jpg'><img width=\"988\" height=\"556\" src=\"https:\/\/blitzconquista.com.br\/wp-content\/uploads\/2015\/09\/desfile-7-de-setembro-de-2015-3.jpg\" class=\"attachment-herald-lay-a size-herald-lay-a\" alt=\"\" decoding=\"async\" loading=\"lazy\" srcset=\"https:\/\/blitzconquista.com.br\/wp-content\/uploads\/2015\/09\/desfile-7-de-setembro-de-2015-3.jpg 1600w, https:\/\/blitzconquista.com.br\/wp-content\/uploads\/2015\/09\/desfile-7-de-setembro-de-2015-3-300x169.jpg 300w, https:\/\/blitzconquista.com.br\/wp-content\/uploads\/2015\/09\/desfile-7-de-setembro-de-2015-3-680x383.jpg 680w\" sizes=\"(max-width: 988px) 100vw, 988px\" \/><\/a>\n\t\t\t<\/div><\/figure><figure class='gallery-item'>\n\t\t\t<div class='gallery-icon landscape'>\n\t\t\t\t<a class=\"herald-popup\" href='https:\/\/blitzconquista.com.br\/wp-content\/uploads\/2015\/09\/desfile-7-de-setembro-de-2015-17.jpg'><img width=\"834\" height=\"556\" src=\"https:\/\/blitzconquista.com.br\/wp-content\/uploads\/2015\/09\/desfile-7-de-setembro-de-2015-17.jpg\" class=\"attachment-herald-lay-a size-herald-lay-a\" alt=\"\" decoding=\"async\" loading=\"lazy\" aria-describedby=\"gallery-1-40329\" srcset=\"https:\/\/blitzconquista.com.br\/wp-content\/uploads\/2015\/09\/desfile-7-de-setembro-de-2015-17.jpg 1024w, https:\/\/blitzconquista.com.br\/wp-content\/uploads\/2015\/09\/desfile-7-de-setembro-de-2015-17-300x200.jpg 300w, https:\/\/blitzconquista.com.br\/wp-content\/uploads\/2015\/09\/desfile-7-de-setembro-de-2015-17-680x454.jpg 680w\" sizes=\"(max-width: 834px) 100vw, 834px\" \/><\/a>\n\t\t\t<\/div>\n\t\t\t\t<figcaption class='wp-caption-text gallery-caption' id='gallery-1-40329'>\n\t\t\t\t????????????????????????????????????\n\t\t\t\t<\/figcaption><\/figure><figure class='gallery-item'>\n\t\t\t<div class='gallery-icon landscape'>\n\t\t\t\t<a class=\"herald-popup\" href='https:\/\/blitzconquista.com.br\/wp-content\/uploads\/2015\/09\/desfile-7-de-setembro-de-2015-16.jpg'><img width=\"598\" height=\"399\" src=\"https:\/\/blitzconquista.com.br\/wp-content\/uploads\/2015\/09\/desfile-7-de-setembro-de-2015-16.jpg\" class=\"attachment-herald-lay-a size-herald-lay-a\" alt=\"\" decoding=\"async\" loading=\"lazy\" srcset=\"https:\/\/blitzconquista.com.br\/wp-content\/uploads\/2015\/09\/desfile-7-de-setembro-de-2015-16.jpg 598w, https:\/\/blitzconquista.com.br\/wp-content\/uploads\/2015\/09\/desfile-7-de-setembro-de-2015-16-300x200.jpg 300w\" sizes=\"(max-width: 598px) 100vw, 598px\" \/><\/a>\n\t\t\t<\/div><\/figure><figure class='gallery-item'>\n\t\t\t<div class='gallery-icon landscape'>\n\t\t\t\t<a class=\"herald-popup\" href='https:\/\/blitzconquista.com.br\/wp-content\/uploads\/2015\/09\/desfile-7-de-setembro-de-2015-2.jpg'><img width=\"988\" height=\"556\" src=\"https:\/\/blitzconquista.com.br\/wp-content\/uploads\/2015\/09\/desfile-7-de-setembro-de-2015-2.jpg\" class=\"attachment-herald-lay-a size-herald-lay-a\" alt=\"\" decoding=\"async\" loading=\"lazy\" srcset=\"https:\/\/blitzconquista.com.br\/wp-content\/uploads\/2015\/09\/desfile-7-de-setembro-de-2015-2.jpg 1600w, https:\/\/blitzconquista.com.br\/wp-content\/uploads\/2015\/09\/desfile-7-de-setembro-de-2015-2-300x169.jpg 300w, https:\/\/blitzconquista.com.br\/wp-content\/uploads\/2015\/09\/desfile-7-de-setembro-de-2015-2-680x383.jpg 680w\" sizes=\"(max-width: 988px) 100vw, 988px\" \/><\/a>\n\t\t\t<\/div><\/figure><figure class='gallery-item'>\n\t\t\t<div class='gallery-icon landscape'>\n\t\t\t\t<a class=\"herald-popup\" href='https:\/\/blitzconquista.com.br\/wp-content\/uploads\/2015\/09\/desfile-7-de-setembro-de-2015-6.jpg'><img width=\"988\" height=\"556\" src=\"https:\/\/blitzconquista.com.br\/wp-content\/uploads\/2015\/09\/desfile-7-de-setembro-de-2015-6.jpg\" class=\"attachment-herald-lay-a size-herald-lay-a\" alt=\"\" decoding=\"async\" loading=\"lazy\" srcset=\"https:\/\/blitzconquista.com.br\/wp-content\/uploads\/2015\/09\/desfile-7-de-setembro-de-2015-6.jpg 1600w, https:\/\/blitzconquista.com.br\/wp-content\/uploads\/2015\/09\/desfile-7-de-setembro-de-2015-6-300x169.jpg 300w, https:\/\/blitzconquista.com.br\/wp-content\/uploads\/2015\/09\/desfile-7-de-setembro-de-2015-6-680x383.jpg 680w\" sizes=\"(max-width: 988px) 100vw, 988px\" \/><\/a>\n\t\t\t<\/div><\/figure><figure class='gallery-item'>\n\t\t\t<div class='gallery-icon landscape'>\n\t\t\t\t<a class=\"herald-popup\" href='https:\/\/blitzconquista.com.br\/wp-content\/uploads\/2015\/09\/desfile-7-de-setembro-de-2015-11.jpg'><img width=\"988\" height=\"556\" src=\"https:\/\/blitzconquista.com.br\/wp-content\/uploads\/2015\/09\/desfile-7-de-setembro-de-2015-11.jpg\" class=\"attachment-herald-lay-a size-herald-lay-a\" alt=\"\" decoding=\"async\" loading=\"lazy\" srcset=\"https:\/\/blitzconquista.com.br\/wp-content\/uploads\/2015\/09\/desfile-7-de-setembro-de-2015-11.jpg 1600w, https:\/\/blitzconquista.com.br\/wp-content\/uploads\/2015\/09\/desfile-7-de-setembro-de-2015-11-300x169.jpg 300w, https:\/\/blitzconquista.com.br\/wp-content\/uploads\/2015\/09\/desfile-7-de-setembro-de-2015-11-680x383.jpg 680w\" sizes=\"(max-width: 988px) 100vw, 988px\" \/><\/a>\n\t\t\t<\/div><\/figure>\n\t\t<\/div>\n\n<\/div>\n<div><\/div>\n<div><\/div>\n<div><\/div>\n<\/div>\n","protected":false},"excerpt":{"rendered":"<p>O cortejo foi realizado na Avenida Integra\u00e7\u00e3o e atraiu milhares de espectadores Em mais um ano consecutivo, Vit\u00f3ria da Conquista deu exemplo de patriotismo e reuniu milhares de conquistenses na Avenida Integra\u00e7\u00e3o. Isso porque, na manh\u00e3 desta segunda-feira, aconteceu o desfile c\u00edvico de 7 de Setembro que reuniu representantes de diversas institui\u00e7\u00f5es da cidade, sociedade [&hellip;]<\/p>\n","protected":false},"author":1,"featured_media":40330,"comment_status":"open","ping_status":"closed","sticky":false,"template":"","format":"standard","meta":[],"categories":[4,212],"tags":[],"_links":{"self":[{"href":"https:\/\/blitzconquista.com.br\/index.php?rest_route=\/wp\/v2\/posts\/40312"}],"collection":[{"href":"https:\/\/blitzconquista.com.br\/index.php?rest_route=\/wp\/v2\/posts"}],"about":[{"href":"https:\/\/blitzconquista.com.br\/index.php?rest_route=\/wp\/v2\/types\/post"}],"author":[{"embeddable":true,"href":"https:\/\/blitzconquista.com.br\/index.php?rest_route=\/wp\/v2\/users\/1"}],"replies":[{"embeddable":true,"href":"https:\/\/blitzconquista.com.br\/index.php?rest_route=%2Fwp%2Fv2%2Fcomments&post=40312"}],"version-history":[{"count":0,"href":"https:\/\/blitzconquista.com.br\/index.php?rest_route=\/wp\/v2\/posts\/40312\/revisions"}],"wp:featuredmedia":[{"embeddable":true,"href":"https:\/\/blitzconquista.com.br\/index.php?rest_route=\/wp\/v2\/media\/40330"}],"wp:attachment":[{"href":"https:\/\/blitzconquista.com.br\/index.php?rest_route=%2Fwp%2Fv2%2Fmedia&parent=40312"}],"wp:term":[{"taxonomy":"category","embeddable":true,"href":"https:\/\/blitzconquista.com.br\/index.php?rest_route=%2Fwp%2Fv2%2Fcategories&post=40312"},{"taxonomy":"post_tag","embeddable":true,"href":"https:\/\/blitzconquista.com.br\/index.php?rest_route=%2Fwp%2Fv2%2Ftags&post=40312"}],"curies":[{"name":"wp","href":"https:\/\/api.w.org\/{rel}","templated":true}]}}