{"id":40345,"date":"2015-09-07T22:09:06","date_gmt":"2015-09-08T01:09:06","guid":{"rendered":"http:\/\/blitzconquista.com.br\/?p=40345"},"modified":"2015-09-07T22:16:06","modified_gmt":"2015-09-08T01:16:06","slug":"vereadora-propoe-colocar-biblia-entre-orixas-no-dique-do-tororo-em-salvador","status":"publish","type":"post","link":"https:\/\/blitzconquista.com.br\/?p=40345","title":{"rendered":"Vereadora prop\u00f5e colocar B\u00edblia entre orix\u00e1s no Dique do Toror\u00f3, em Salvador"},"content":{"rendered":"<p>A vereadora soteropolitana C\u00e1tia Rodrigues (PROS) elaborou um projeto para que seja colocada uma B\u00edblia entre os \u201cpol\u00eamicos\u201d orix\u00e1s do Dique do Toror\u00f3 na capital baiana.<\/p>\n<p><img decoding=\"async\" loading=\"lazy\" class=\"size-full wp-image-40349 aligncenter\" src=\"http:\/\/blitzconquista.com.br\/wp-content\/uploads\/2015\/09\/650x375_dique-do-tororo-orixas_1558333.jpg\" alt=\"650x375_dique-do-tororo-orixas_1558333\" width=\"650\" height=\"375\" srcset=\"https:\/\/blitzconquista.com.br\/wp-content\/uploads\/2015\/09\/650x375_dique-do-tororo-orixas_1558333.jpg 650w, https:\/\/blitzconquista.com.br\/wp-content\/uploads\/2015\/09\/650x375_dique-do-tororo-orixas_1558333-300x173.jpg 300w\" sizes=\"(max-width: 650px) 100vw, 650px\" \/><\/p>\n<p>Como resposta a vereadora o prefeito ACM Neto disse ser \u201c<em>desnecess\u00e1rio<\/em>\u201d o projeto, pois j\u00e1 est\u00e1 em fase final a Pra\u00e7a da B\u00edblia no Ogunj\u00e1. <em>&#8220;Acho que isso contempla bem um espa\u00e7o que os evang\u00e9licos sempre esperaram ter na cidade&#8221;<\/em>, disse Neto.<\/p>\n<p>&nbsp;<\/p>\n","protected":false},"excerpt":{"rendered":"<p>A vereadora soteropolitana C\u00e1tia Rodrigues (PROS) elaborou um projeto para que seja colocada uma B\u00edblia entre os \u201cpol\u00eamicos\u201d orix\u00e1s do Dique do Toror\u00f3 na capital baiana. Como resposta a vereadora o prefeito ACM Neto disse ser \u201cdesnecess\u00e1rio\u201d o projeto, pois j\u00e1 est\u00e1 em fase final a Pra\u00e7a da B\u00edblia no Ogunj\u00e1. &#8220;Acho que isso contempla [&hellip;]<\/p>\n","protected":false},"author":1,"featured_media":40349,"comment_status":"open","ping_status":"closed","sticky":false,"template":"","format":"standard","meta":[],"categories":[5],"tags":[],"_links":{"self":[{"href":"https:\/\/blitzconquista.com.br\/index.php?rest_route=\/wp\/v2\/posts\/40345"}],"collection":[{"href":"https:\/\/blitzconquista.com.br\/index.php?rest_route=\/wp\/v2\/posts"}],"about":[{"href":"https:\/\/blitzconquista.com.br\/index.php?rest_route=\/wp\/v2\/types\/post"}],"author":[{"embeddable":true,"href":"https:\/\/blitzconquista.com.br\/index.php?rest_route=\/wp\/v2\/users\/1"}],"replies":[{"embeddable":true,"href":"https:\/\/blitzconquista.com.br\/index.php?rest_route=%2Fwp%2Fv2%2Fcomments&post=40345"}],"version-history":[{"count":0,"href":"https:\/\/blitzconquista.com.br\/index.php?rest_route=\/wp\/v2\/posts\/40345\/revisions"}],"wp:featuredmedia":[{"embeddable":true,"href":"https:\/\/blitzconquista.com.br\/index.php?rest_route=\/wp\/v2\/media\/40349"}],"wp:attachment":[{"href":"https:\/\/blitzconquista.com.br\/index.php?rest_route=%2Fwp%2Fv2%2Fmedia&parent=40345"}],"wp:term":[{"taxonomy":"category","embeddable":true,"href":"https:\/\/blitzconquista.com.br\/index.php?rest_route=%2Fwp%2Fv2%2Fcategories&post=40345"},{"taxonomy":"post_tag","embeddable":true,"href":"https:\/\/blitzconquista.com.br\/index.php?rest_route=%2Fwp%2Fv2%2Ftags&post=40345"}],"curies":[{"name":"wp","href":"https:\/\/api.w.org\/{rel}","templated":true}]}}