{"id":40651,"date":"2015-09-15T11:22:35","date_gmt":"2015-09-15T14:22:35","guid":{"rendered":"http:\/\/blitzconquista.com.br\/?p=40651"},"modified":"2015-09-15T11:22:54","modified_gmt":"2015-09-15T14:22:54","slug":"bandidos-trocam-tiro-com-a-policia-apos-roubo-em-barra-do-choca-um-suspeito-morreu","status":"publish","type":"post","link":"https:\/\/blitzconquista.com.br\/?p=40651","title":{"rendered":"Bandidos trocam tiro com a pol\u00edcia ap\u00f3s roubo em Barra do Cho\u00e7a; um suspeito morreu"},"content":{"rendered":"<p>Um assalto, com fuga digna das telas de cinema, resultou com um bandido morto na madrugada desta ter\u00e7a-feira, 15, nas imedia\u00e7\u00f5es da BA265, no munic\u00edpio de Vit\u00f3ria da Conquista.<\/p>\n<p>A a\u00e7\u00e3o criminosa iniciou-se na cidade de Barra do Cho\u00e7a, onde os criminosos chegaram em um carro e tomaram outro de assalto. Por\u00e9m, durante a fuga, um dos ve\u00edculos colidiu numa resid\u00eancia. Ent\u00e3o, todos os bandidos fugiram no ve\u00edculo que dava apoio. Houve persegui\u00e7\u00e3o pela BA 265 at\u00e9 os criminosos entrarem por uma estrada de ch\u00e3o e bateram o carro nas proximidades do Country Club.<\/p>\n<p><img decoding=\"async\" loading=\"lazy\" class=\"wp-image-40652 alignright\" src=\"http:\/\/blitzconquista.com.br\/wp-content\/uploads\/2015\/09\/20150915071908-695x417.jpg\" alt=\"20150915071908\" width=\"247\" height=\"148\" srcset=\"https:\/\/blitzconquista.com.br\/wp-content\/uploads\/2015\/09\/20150915071908.jpg 695w, https:\/\/blitzconquista.com.br\/wp-content\/uploads\/2015\/09\/20150915071908-300x180.jpg 300w\" sizes=\"(max-width: 247px) 100vw, 247px\" \/><\/p>\n<p>Viaturas da PM de Barra do Cho\u00e7a e Vit\u00f3ria da Conquista cercaram o local e, ap\u00f3s horas de buscas pelo matagal, dois dos criminosos foram localizados pelos militares de Barra do Cho\u00e7a. Houve confronto e um dos bandidos foi baleado e morto. O segundo foi apresentado na Delegacia. Os demais integrantes da quadrilha n\u00e3o foram localizados. O ve\u00edculo utilizado pelo bando tamb\u00e9m era produto de roubo.<\/p>\n<p>O criminoso morto chegou a ser levado para o Hospital de Base. Ele foi encaminhado ao Instituto M\u00e9dico Legal, ainda sem identifica\u00e7\u00e3o.<\/p>\n","protected":false},"excerpt":{"rendered":"<p>Um assalto, com fuga digna das telas de cinema, resultou com um bandido morto na madrugada desta ter\u00e7a-feira, 15, nas imedia\u00e7\u00f5es da BA265, no munic\u00edpio de Vit\u00f3ria da Conquista. A a\u00e7\u00e3o criminosa iniciou-se na cidade de Barra do Cho\u00e7a, onde os criminosos chegaram em um carro e tomaram outro de assalto. Por\u00e9m, durante a fuga, [&hellip;]<\/p>\n","protected":false},"author":1,"featured_media":40653,"comment_status":"open","ping_status":"closed","sticky":false,"template":"","format":"standard","meta":[],"categories":[212,3],"tags":[],"_links":{"self":[{"href":"https:\/\/blitzconquista.com.br\/index.php?rest_route=\/wp\/v2\/posts\/40651"}],"collection":[{"href":"https:\/\/blitzconquista.com.br\/index.php?rest_route=\/wp\/v2\/posts"}],"about":[{"href":"https:\/\/blitzconquista.com.br\/index.php?rest_route=\/wp\/v2\/types\/post"}],"author":[{"embeddable":true,"href":"https:\/\/blitzconquista.com.br\/index.php?rest_route=\/wp\/v2\/users\/1"}],"replies":[{"embeddable":true,"href":"https:\/\/blitzconquista.com.br\/index.php?rest_route=%2Fwp%2Fv2%2Fcomments&post=40651"}],"version-history":[{"count":0,"href":"https:\/\/blitzconquista.com.br\/index.php?rest_route=\/wp\/v2\/posts\/40651\/revisions"}],"wp:featuredmedia":[{"embeddable":true,"href":"https:\/\/blitzconquista.com.br\/index.php?rest_route=\/wp\/v2\/media\/40653"}],"wp:attachment":[{"href":"https:\/\/blitzconquista.com.br\/index.php?rest_route=%2Fwp%2Fv2%2Fmedia&parent=40651"}],"wp:term":[{"taxonomy":"category","embeddable":true,"href":"https:\/\/blitzconquista.com.br\/index.php?rest_route=%2Fwp%2Fv2%2Fcategories&post=40651"},{"taxonomy":"post_tag","embeddable":true,"href":"https:\/\/blitzconquista.com.br\/index.php?rest_route=%2Fwp%2Fv2%2Ftags&post=40651"}],"curies":[{"name":"wp","href":"https:\/\/api.w.org\/{rel}","templated":true}]}}