{"id":40678,"date":"2015-09-15T23:41:24","date_gmt":"2015-09-16T02:41:24","guid":{"rendered":"http:\/\/blitzconquista.com.br\/?p=40678"},"modified":"2015-09-15T23:41:50","modified_gmt":"2015-09-16T02:41:50","slug":"sancionada-lei-que-torna-obrigatorio-ensino-medio-nas-penitenciarias","status":"publish","type":"post","link":"https:\/\/blitzconquista.com.br\/?p=40678","title":{"rendered":"Sancionada lei que torna obrigat\u00f3rio ensino m\u00e9dio nas penitenci\u00e1rias"},"content":{"rendered":"<p>A presidenta Dilma Rousseff sancionou, na \u00faltima semana, uma mudan\u00e7a na Lei de Execu\u00e7\u00e3o Penal que institui os estudos do ensino m\u00e9dio nos pres\u00eddios brasileiros. A Lei 13.163 tem origem na C\u00e2mara dos Deputados, em 2002, com o PL 25\/1999, de autoria do ent\u00e3o deputado e atual senador Paulo Rocha do Partido dos Trabalhadores do Par\u00e1 (PT-PA).\u00a0\u00a0 Para falar sobre o assunto, o programa Revista Brasil entrevistou o autor da lei, o senador Paulo Rocha (PT-PA). Ele explicou aos ouvintes da R\u00e1dio Nacional de Bras\u00edlia de onde surgiu a ideia da implanta\u00e7\u00e3o do ensino m\u00e9dio nos pres\u00eddios brasileiros. Confira a entrevista no player abaixo:<\/p>\n<div class=\"image\">\n<div class=\"mejs-wrapper mejs-turquoise\">\n<div id=\"mep_0\" class=\"mejs-container svg mejs-audio\">\n<div class=\"mejs-inner\">\n<div class=\"mejs-mediaelement\">\n<p><audio id=\"scald-audio-607416\" src=\"http:\/\/www.ebc.com.br\/sites\/_portalebc2014\/files\/atoms\/audio\/ensino_medio_nas_penitenciarias.mp3\">&nbsp;<\/p>\n<p><\/audio><\/p>\n<\/div>\n<div class=\"mejs-layers\"><\/div>\n<div class=\"mejs-controls\"><\/div>\n<\/div>\n<\/div>\n<\/div>\n<\/div>\n<div class=\"mejs-time mejs-currenttime-container\"><span class=\"mejs-currenttime\">00:00<\/span><\/div>\n<div class=\"mejs-time-rail\"><\/div>\n<div class=\"mejs-time mejs-duration-container\"><span class=\"mejs-duration\">10:24<\/span><\/div>\n<div class=\"mejs-button mejs-volume-button mejs-mute\"><\/div>\n<div class=\"image\"><\/div>\n<p>O senador explicou que atualmente a juventude \u00e9 uma presa f\u00e1cil do esquema de drogas no pa\u00eds. Consequentemente, a quantidade de jovens presos chama a aten\u00e7\u00e3o, quando mais de 50% da popula\u00e7\u00e3o carcer\u00e1ria do Brasil \u00e9 formada por jovens infratores.\u00a0\u00a0 Para ele, a juventude brasileira \u00e9 de responsabilidade da pr\u00f3pria fam\u00edlia e, tamb\u00e9m, do Estado. \u201cPrimeiro, a responsabilidade da nossa juventude ou \u00e9 da fam\u00edlia ou do Estado, que n\u00e3o tem compet\u00eancia para criar condi\u00e7\u00f5es no per\u00edodo da juventude, que s\u00e3o estudo, educa\u00e7\u00e3o, etc\u201d.\u00a0\u00a0 Paulo Rocha citou como exemplo um rapaz que \u00e9 preso com 18 anos e cumpre pena de 10 anos. Segundo ele, o rapaz sai com 28 anos, muito mais perigoso ou mais revoltado com a sociedade, e n\u00e3o \u00e9 reeducado. Por isso, a ideia \u00e9 da nova lei \u00e9 que com 28 anos, no caso citado como exemplo, o preso volte para a sociedade mais preparado e educado para enfrentar a vida fora da cadeia.\u00a0\u00a0 \u201cA minha ideia \u00e9 que dentro do pres\u00eddio ele tenha oportunidade de se preparar no outro patamar de educa\u00e7\u00e3o que o mundo n\u00e3o lhe deu\u201d, ressaltou.<\/p>\n<p><img decoding=\"async\" loading=\"lazy\" class=\"alignnone size-full wp-image-38965\" src=\"http:\/\/blitzconquista.com.br\/wp-content\/uploads\/2015\/08\/agencia_brasil_logo.png\" alt=\"agencia_brasil_logo\" width=\"150\" height=\"35\" \/><\/p>\n","protected":false},"excerpt":{"rendered":"<p>A presidenta Dilma Rousseff sancionou, na \u00faltima semana, uma mudan\u00e7a na Lei de Execu\u00e7\u00e3o Penal que institui os estudos do ensino m\u00e9dio nos pres\u00eddios brasileiros. A Lei 13.163 tem origem na C\u00e2mara dos Deputados, em 2002, com o PL 25\/1999, de autoria do ent\u00e3o deputado e atual senador Paulo Rocha do Partido dos Trabalhadores do [&hellip;]<\/p>\n","protected":false},"author":1,"featured_media":40680,"comment_status":"open","ping_status":"closed","sticky":false,"template":"","format":"standard","meta":[],"categories":[3,5],"tags":[],"_links":{"self":[{"href":"https:\/\/blitzconquista.com.br\/index.php?rest_route=\/wp\/v2\/posts\/40678"}],"collection":[{"href":"https:\/\/blitzconquista.com.br\/index.php?rest_route=\/wp\/v2\/posts"}],"about":[{"href":"https:\/\/blitzconquista.com.br\/index.php?rest_route=\/wp\/v2\/types\/post"}],"author":[{"embeddable":true,"href":"https:\/\/blitzconquista.com.br\/index.php?rest_route=\/wp\/v2\/users\/1"}],"replies":[{"embeddable":true,"href":"https:\/\/blitzconquista.com.br\/index.php?rest_route=%2Fwp%2Fv2%2Fcomments&post=40678"}],"version-history":[{"count":0,"href":"https:\/\/blitzconquista.com.br\/index.php?rest_route=\/wp\/v2\/posts\/40678\/revisions"}],"wp:featuredmedia":[{"embeddable":true,"href":"https:\/\/blitzconquista.com.br\/index.php?rest_route=\/wp\/v2\/media\/40680"}],"wp:attachment":[{"href":"https:\/\/blitzconquista.com.br\/index.php?rest_route=%2Fwp%2Fv2%2Fmedia&parent=40678"}],"wp:term":[{"taxonomy":"category","embeddable":true,"href":"https:\/\/blitzconquista.com.br\/index.php?rest_route=%2Fwp%2Fv2%2Fcategories&post=40678"},{"taxonomy":"post_tag","embeddable":true,"href":"https:\/\/blitzconquista.com.br\/index.php?rest_route=%2Fwp%2Fv2%2Ftags&post=40678"}],"curies":[{"name":"wp","href":"https:\/\/api.w.org\/{rel}","templated":true}]}}