{"id":47717,"date":"2016-05-01T16:07:08","date_gmt":"2016-05-01T19:07:08","guid":{"rendered":"http:\/\/blitzconquista.com.br\/?p=47717"},"modified":"2016-05-13T21:39:05","modified_gmt":"2016-05-14T00:39:05","slug":"dilma-anuncia-reajuste-de-9-do-bolsa-familia-e-correcao-de-5-do-ir","status":"publish","type":"post","link":"https:\/\/blitzconquista.com.br\/?p=47717","title":{"rendered":"Dilma anuncia reajuste de 9% do Bolsa Fam\u00edlia e corre\u00e7\u00e3o de 5% do IR"},"content":{"rendered":"<div class=\"content\">\n<p>A presidenta Dilma Rousseff anunciou hoje (1\u00ba), em ato promovido pela Central \u00danica dos Trabalhadores (CUT), o reajuste de 9% para os benefici\u00e1rios do Programa Bolsa Fam\u00edlia &#8211; o aumento entrar\u00e1 em vigor ainda em 2016. Dilma Rousseff anunciou tamb\u00e9m corre\u00e7\u00e3o de 5% da tabela do Imposto de Renda para o pr\u00f3ximo ano; a contrata\u00e7\u00e3o de, no m\u00ednimo, 25 mil moradias do Programa Minha Casa, Minha Vida e a extens\u00e3o da licen\u00e7a-paternidade de cinco para 20 dias aos funcion\u00e1rios p\u00fablicos federais.<\/p>\n<p>\u201cQuero lembrar que essa proposta [de reajuste do programa Bolsa Fam\u00edlia] n\u00e3o nasceu hoje. Elas estavam previstas quando enviamos o Or\u00e7amento em agosto de 2015 para o Congresso. Essa proposta foi aprovada pelo Congresso. Diante do quadro atual, tomamos medidas que garantam a receita para este ano e viabilizar tudo isso sem comprometer o cen\u00e1rio fiscal\u201d, disse a presidenta Dilma, no evento\u00a0em comemora\u00e7\u00e3o ao Dia do Trabalho, no Vale do Anhangaba\u00fa, na capital paulista.<\/p>\n<p>O ato \u00e9 promovido, em conjunto, pela Central \u00danica dos Trabalhadores (CUT), Central dos Trabalhadores e Trabalhadoras do Brasil (CTB) e Intersindical. O lema este ano \u00e9 <em>Brasil: Democracia + Direito<\/em>, contra o processo de <em>impeachment<\/em>\u00a0da presidenta.\u00a0Segundo a CUT, o ato re\u00fane mais de 60 entidades que formam as frentes Brasil Popular e Povo sem Medo. As centrais sindicais realizam o ato &#8220;em defesa da democracia, contra o golpe e contra a retirada de direitos.&#8221;<\/p>\n<p><strong>Impeachment<\/strong><\/p>\n<p>No discurso, Dilma reiterou que n\u00e3o cometeu crime de responsabilidade ao ter emitido decretos com cr\u00e9dito suplementares, fato apontado na den\u00fancia que originou o processo de impeachment. Segundo Dilma, no governo de Fernando Henrique Cardoso foram editados 101 decretos desse tipo. \u201cPara ele [Fernando Henrique Cardoso], n\u00e3o era nenhum golpe nas contas p\u00fablicas. Para mim, \u00e9 golpe nas contas p\u00fablicas. Dois pesos e duas medidas. Eles n\u00e3o t\u00eam sobre o que me acusar, \u00e9 constrangedor\u201d, disse a presidenta.<\/p>\n<p>\u201cN\u00e3o tenho conta no exterior, jamais usei recurso p\u00fablico em causa pr\u00f3pria, n\u00e3o recebi propina e nunca fui acusada de corrup\u00e7\u00e3o. Eles tiveram que inventar um crime\u201d, disse, em refer\u00eancia ao presidente da C\u00e2mara dos Deputados, Eduardo Cunha (PMDB-RJ), que responde a processo no Conselho de \u00c9tica da C\u00e2mara acusado de ter mentido sobre contas no exterior e responde a processo por envolvimento no esquema de propina da Petrobras.<\/p>\n<p>A presidenta chamou o processo de impeachment, que tramita no Senado, de golpe. \u201cN\u00e3o \u00e9 um golpe com armas, tanques na rua, n\u00e3o \u00e9 golpe militar que conhecemos no passado. Eles rasgaram a Constitui\u00e7\u00e3o do pa\u00eds. Fazem isso porque h\u00e1 15 meses eles perderam uma elei\u00e7\u00e3o direta\u201d, disse. \u201cVou resistir e lutar at\u00e9 o fim\u201d, acrescentou Dilma.<\/p>\n<p><strong>Bolsa Fam\u00edlia<\/strong><\/p>\n<p>O governo adiou no in\u00edcio da tarde a entrevista coletiva de imprensa da ministra Tereza Campello para dar detalhes sobre a corre\u00e7\u00e3o dos valores do Bolsa Fam\u00edlia. Segundo nota do Pal\u00e1cio do Planalto, a entrevista ser\u00e1 remarcada para data ainda n\u00e3o definida. N\u00e3o foi divulgado motivo oficial para o adiamento. No entanto, segundo fonte do Pal\u00e1cio do Planalto, \u00e9 estudada a edi\u00e7\u00e3o de um decreto para s\u00f3 depois ocorrer o detalhamento do reajuste.<\/p>\n<p>Para este ano, o Bolsa Fam\u00edlia tem R$ 28,11 bilh\u00f5es. O montante \u00e9 superior aos R$ 26,41 bilh\u00f5es gastos em 2015. Durante as discuss\u00f5es do Or\u00e7amento deste ano, a Comiss\u00e3o Mista de Or\u00e7amento tentou cortar R$ 10 bilh\u00f5es do Bolsa Fam\u00edlia, alegando que o atendimento aos atuais benefici\u00e1rios n\u00e3o seria prejudicado, mas o governo negociou para reverter a proposta.<\/p>\n<\/div>\n","protected":false},"excerpt":{"rendered":"<p>A presidenta Dilma Rousseff anunciou hoje (1\u00ba), em ato promovido pela Central \u00danica dos Trabalhadores (CUT), o reajuste de 9% para os benefici\u00e1rios do Programa Bolsa Fam\u00edlia &#8211; o aumento entrar\u00e1 em vigor ainda em 2016. Dilma Rousseff anunciou tamb\u00e9m corre\u00e7\u00e3o de 5% da tabela do Imposto de Renda para o pr\u00f3ximo ano; a contrata\u00e7\u00e3o [&hellip;]<\/p>\n","protected":false},"author":1,"featured_media":48082,"comment_status":"open","ping_status":"closed","sticky":false,"template":"","format":"standard","meta":[],"categories":[212,5],"tags":[],"_links":{"self":[{"href":"https:\/\/blitzconquista.com.br\/index.php?rest_route=\/wp\/v2\/posts\/47717"}],"collection":[{"href":"https:\/\/blitzconquista.com.br\/index.php?rest_route=\/wp\/v2\/posts"}],"about":[{"href":"https:\/\/blitzconquista.com.br\/index.php?rest_route=\/wp\/v2\/types\/post"}],"author":[{"embeddable":true,"href":"https:\/\/blitzconquista.com.br\/index.php?rest_route=\/wp\/v2\/users\/1"}],"replies":[{"embeddable":true,"href":"https:\/\/blitzconquista.com.br\/index.php?rest_route=%2Fwp%2Fv2%2Fcomments&post=47717"}],"version-history":[{"count":2,"href":"https:\/\/blitzconquista.com.br\/index.php?rest_route=\/wp\/v2\/posts\/47717\/revisions"}],"predecessor-version":[{"id":48085,"href":"https:\/\/blitzconquista.com.br\/index.php?rest_route=\/wp\/v2\/posts\/47717\/revisions\/48085"}],"wp:featuredmedia":[{"embeddable":true,"href":"https:\/\/blitzconquista.com.br\/index.php?rest_route=\/wp\/v2\/media\/48082"}],"wp:attachment":[{"href":"https:\/\/blitzconquista.com.br\/index.php?rest_route=%2Fwp%2Fv2%2Fmedia&parent=47717"}],"wp:term":[{"taxonomy":"category","embeddable":true,"href":"https:\/\/blitzconquista.com.br\/index.php?rest_route=%2Fwp%2Fv2%2Fcategories&post=47717"},{"taxonomy":"post_tag","embeddable":true,"href":"https:\/\/blitzconquista.com.br\/index.php?rest_route=%2Fwp%2Fv2%2Ftags&post=47717"}],"curies":[{"name":"wp","href":"https:\/\/api.w.org\/{rel}","templated":true}]}}