{"id":47720,"date":"2016-05-01T16:10:24","date_gmt":"2016-05-01T19:10:24","guid":{"rendered":"http:\/\/blitzconquista.com.br\/?p=47720"},"modified":"2016-05-13T21:38:24","modified_gmt":"2016-05-14T00:38:24","slug":"bolsa-familia-e-vinganca-contra-novo-governo-diz-paulinho-da-forca","status":"publish","type":"post","link":"https:\/\/blitzconquista.com.br\/?p=47720","title":{"rendered":"Bolsa Fam\u00edlia \u00e9 &#8220;vingan\u00e7a contra novo governo&#8221;, diz Paulinho da For\u00e7a"},"content":{"rendered":"<p><img decoding=\"async\" loading=\"lazy\" class=\"alignnone size-full wp-image-38965\" src=\"http:\/\/blitzconquista.com.br\/wp-content\/uploads\/2015\/08\/agencia_brasil_logo.png\" alt=\"agencia_brasil_logo\" width=\"150\" height=\"35\" \/><\/p>\n<p>A For\u00e7a Sindical promove ato, desde as 9h de hoje (1\u00ba), na Pra\u00e7a Campo de Bagatelle, na zona norte da capital paulista, para marcar o Dia do Trabalho. Com o tema <em>Gerar emprego e garantir direitos<\/em>, lideran\u00e7as da central sindical fazem cr\u00edticas ao governo de Dilma Rousseff.<\/p>\n<figure class=\"default\">\n<figure style=\"width: 277px\" class=\"wp-caption alignright\"><img decoding=\"async\" loading=\"lazy\" class=\"Image img__fid__64685 img__view_mode__default attr__format__default\" src=\"http:\/\/agenciabrasil.ebc.com.br\/sites\/_agenciabrasil2013\/files\/styles\/interna_pequena\/public\/ato_forca_sindical.jpg?itok=p1LkiUZQ\" alt=\"Ato da For\u00e7a Sindical \" width=\"277\" height=\"160\" \/><figcaption class=\"wp-caption-text\">Ato da For\u00e7a Sindical, em S\u00e3o Paulo, faz cr\u00edticas ao governo de Dilma RousseffCamila Boehm\/Ag\u00eancia Brasil<\/figcaption><\/figure><figcaption><\/figcaption><\/figure>\n<p>O presidente da entidade e deputado federal Paulinho da For\u00e7a (SP) discursou no palco montado no local e disse que, al\u00e9m de uma crise econ\u00f4mica, o pa\u00eds passa por uma crise pol\u00edtica. Paulinho da For\u00e7a tamb\u00e9m criticou a decis\u00e3o de Dilma Rousseff de anunciar reajuste no benef\u00edcio do programa Bolsa Fam\u00edlia e corre\u00e7\u00e3o na tabela do Imposto de Renda Pessoa F\u00edsica em ato da Central \u00danica dos Trabalhadores (CUT) no Vale do Anhangaba\u00fa, em S\u00e3o Paulo.<\/p>\n<p>\u201cEsse aumento deveria ter sido feito antes, agora parece um pouco de vingan\u00e7a com o novo governo. Como ela est\u00e1 de sa\u00edda, nos parece que ela est\u00e1 fazendo uma vingan\u00e7a e uma tentativa de sabotar o pr\u00f3ximo governo [de Michel Temer] portanto \u00e9 uma coisa que n\u00e3o podemos aceitar\u201d, disse o presidente sindical. \u201cEmbora a gente queira a corre\u00e7\u00e3o da tabela do Imposto de Renda, \u00e9 bom lembrar que o Imposto de Renda, eles est\u00e3o nos devendo 72% e n\u00e3o 5%\u201d, disse Paulinho.<\/p>\n<p><strong>PSDB<\/strong><\/p>\n<p>O deputado federal Antonio Imbassahy (PSDB-BA), que participou do ato da For\u00e7a Sindical, disse que os reajustes s\u00e3o justos e merecidos, mas acrescentou que \u201co sentimento que passa \u00e9 de que realmente ela deseja atrapalhar mais uma vez\u201d. Ele, que se referiu ao vice-presidente Michel Temer como \u201cpresidente\u201d, disse que n\u00e3o conhece ainda as propostas do vice, caso ele assuma a Presid\u00eancia da Rep\u00fablica.<\/p>\n<p>\u201cAcho que ele vai lan\u00e7ar [as propostas] na hora oportuna, ali\u00e1s, quanto a isso, o presidente Temer tem sido muito cauteloso. Tem que ser, porque o Senado ainda n\u00e3o fez o afastamento definitivo, mas, assim que for feito, vai anunciar a equipe e tamb\u00e9m as propostas que certamente v\u00e3o atender a popula\u00e7\u00e3o\u201d, disse o deputado<\/p>\n<p>Segundo Imbassahy, o PSDB vai decidir ainda se aceitar\u00e1 cargos em um poss\u00edvel governo de Temer. Na pr\u00f3xima ter\u00e7a-feira (3), o partido realiza uma reuni\u00e3o da Executiva nacional em Bras\u00edlia.<\/p>\n<p>Questionado sobre medidas que podem ser adotadas por Temer e que podem significar preju\u00edzo aos trabalhadores, Imbassahy disse que isso \u00e9 preocupante e que tudo que for \u201cinerente a direito do trabalhador tem que ser preservado. Por\u00e9m, acrescentou que \u201co pa\u00eds tem que fazer reformas, tem que avan\u00e7ar, n\u00e3o h\u00e1 d\u00favida nenhuma\u201d.<\/p>\n<p>Ap\u00f3s o ato pol\u00edtico, foram realizados<em> shows<\/em> com artistas populares.<\/p>\n","protected":false},"excerpt":{"rendered":"<p>A For\u00e7a Sindical promove ato, desde as 9h de hoje (1\u00ba), na Pra\u00e7a Campo de Bagatelle, na zona norte da capital paulista, para marcar o Dia do Trabalho. Com o tema Gerar emprego e garantir direitos, lideran\u00e7as da central sindical fazem cr\u00edticas ao governo de Dilma Rousseff. O presidente da entidade e deputado federal Paulinho [&hellip;]<\/p>\n","protected":false},"author":1,"featured_media":48081,"comment_status":"open","ping_status":"closed","sticky":false,"template":"","format":"standard","meta":[],"categories":[5],"tags":[],"_links":{"self":[{"href":"https:\/\/blitzconquista.com.br\/index.php?rest_route=\/wp\/v2\/posts\/47720"}],"collection":[{"href":"https:\/\/blitzconquista.com.br\/index.php?rest_route=\/wp\/v2\/posts"}],"about":[{"href":"https:\/\/blitzconquista.com.br\/index.php?rest_route=\/wp\/v2\/types\/post"}],"author":[{"embeddable":true,"href":"https:\/\/blitzconquista.com.br\/index.php?rest_route=\/wp\/v2\/users\/1"}],"replies":[{"embeddable":true,"href":"https:\/\/blitzconquista.com.br\/index.php?rest_route=%2Fwp%2Fv2%2Fcomments&post=47720"}],"version-history":[{"count":1,"href":"https:\/\/blitzconquista.com.br\/index.php?rest_route=\/wp\/v2\/posts\/47720\/revisions"}],"predecessor-version":[{"id":48083,"href":"https:\/\/blitzconquista.com.br\/index.php?rest_route=\/wp\/v2\/posts\/47720\/revisions\/48083"}],"wp:featuredmedia":[{"embeddable":true,"href":"https:\/\/blitzconquista.com.br\/index.php?rest_route=\/wp\/v2\/media\/48081"}],"wp:attachment":[{"href":"https:\/\/blitzconquista.com.br\/index.php?rest_route=%2Fwp%2Fv2%2Fmedia&parent=47720"}],"wp:term":[{"taxonomy":"category","embeddable":true,"href":"https:\/\/blitzconquista.com.br\/index.php?rest_route=%2Fwp%2Fv2%2Fcategories&post=47720"},{"taxonomy":"post_tag","embeddable":true,"href":"https:\/\/blitzconquista.com.br\/index.php?rest_route=%2Fwp%2Fv2%2Ftags&post=47720"}],"curies":[{"name":"wp","href":"https:\/\/api.w.org\/{rel}","templated":true}]}}