{"id":47763,"date":"2016-05-02T22:08:14","date_gmt":"2016-05-03T01:08:14","guid":{"rendered":"http:\/\/blitzconquista.com.br\/?p=47763"},"modified":"2016-05-13T21:20:39","modified_gmt":"2016-05-14T00:20:39","slug":"vacinacao-contra-a-gripe-sera-retomada-nessa-terca-3-em-sete-unidades","status":"publish","type":"post","link":"https:\/\/blitzconquista.com.br\/?p=47763","title":{"rendered":"Vacina\u00e7\u00e3o contra a gripe ser\u00e1 retomada nessa ter\u00e7a, 3, em sete unidades"},"content":{"rendered":"<div class=\"blog-content\">\n<div class=\"entry-content\">\n<h4>A vacina estar\u00e1 dispon\u00edvel para a popula\u00e7\u00e3o a partir das 8h<\/h4>\n<p>A Secretaria Municipal de Sa\u00fade recebeu da Secretaria Estadual de Sa\u00fade (Sesab), nesta segunda-feira, 2, nove mil doses \u2013 o equivalente a pouco mais de 12%.<\/p>\n<p>Diante da quantidade, as doses ser\u00e3o distribu\u00eddas na tarde desta segunda-feira, 2, entre sete unidades b\u00e1sicas de sa\u00fade. S\u00e3o elas:<\/p>\n<ol>\n<li>Centro de Sa\u00fade R\u00e9gis Pacheco;<\/li>\n<li>Centro de Sa\u00fade Hugo de Castro Lima;<\/li>\n<li>Centro de Sa\u00fade Dr. Jo\u00e3o Melo Filho;<\/li>\n<li>Policl\u00ednica de Aten\u00e7\u00e3o B\u00e1sica Adem\u00e1rio Silva Santos;<\/li>\n<li>Policl\u00ednica de Aten\u00e7\u00e3o B\u00e1sica S\u00e3o Vicente \u2013 CAE II;<\/li>\n<li>Policl\u00ednica de Aten\u00e7\u00e3o B\u00e1sica Panorama;<\/li>\n<li>Unidade de Sa\u00fade Vila Am\u00e9rica.<\/li>\n<\/ol>\n<p>Assim que chegar o novo lote, ser\u00e3o priorizadas as unidades de sa\u00fade da fam\u00edlia.<\/p>\n<p>A vacina estar\u00e1 dispon\u00edvel para a popula\u00e7\u00e3o do p\u00fablico-alvo priorit\u00e1rio nessa ter\u00e7a-feira, 3, a partir das 8h.<\/p>\n<\/div>\n<\/div>\n","protected":false},"excerpt":{"rendered":"<p>A vacina estar\u00e1 dispon\u00edvel para a popula\u00e7\u00e3o a partir das 8h A Secretaria Municipal de Sa\u00fade recebeu da Secretaria Estadual de Sa\u00fade (Sesab), nesta segunda-feira, 2, nove mil doses \u2013 o equivalente a pouco mais de 12%. Diante da quantidade, as doses ser\u00e3o distribu\u00eddas na tarde desta segunda-feira, 2, entre sete unidades b\u00e1sicas de sa\u00fade. [&hellip;]<\/p>\n","protected":false},"author":1,"featured_media":48063,"comment_status":"open","ping_status":"closed","sticky":false,"template":"","format":"standard","meta":[],"categories":[212,30],"tags":[],"_links":{"self":[{"href":"https:\/\/blitzconquista.com.br\/index.php?rest_route=\/wp\/v2\/posts\/47763"}],"collection":[{"href":"https:\/\/blitzconquista.com.br\/index.php?rest_route=\/wp\/v2\/posts"}],"about":[{"href":"https:\/\/blitzconquista.com.br\/index.php?rest_route=\/wp\/v2\/types\/post"}],"author":[{"embeddable":true,"href":"https:\/\/blitzconquista.com.br\/index.php?rest_route=\/wp\/v2\/users\/1"}],"replies":[{"embeddable":true,"href":"https:\/\/blitzconquista.com.br\/index.php?rest_route=%2Fwp%2Fv2%2Fcomments&post=47763"}],"version-history":[{"count":1,"href":"https:\/\/blitzconquista.com.br\/index.php?rest_route=\/wp\/v2\/posts\/47763\/revisions"}],"predecessor-version":[{"id":48064,"href":"https:\/\/blitzconquista.com.br\/index.php?rest_route=\/wp\/v2\/posts\/47763\/revisions\/48064"}],"wp:featuredmedia":[{"embeddable":true,"href":"https:\/\/blitzconquista.com.br\/index.php?rest_route=\/wp\/v2\/media\/48063"}],"wp:attachment":[{"href":"https:\/\/blitzconquista.com.br\/index.php?rest_route=%2Fwp%2Fv2%2Fmedia&parent=47763"}],"wp:term":[{"taxonomy":"category","embeddable":true,"href":"https:\/\/blitzconquista.com.br\/index.php?rest_route=%2Fwp%2Fv2%2Fcategories&post=47763"},{"taxonomy":"post_tag","embeddable":true,"href":"https:\/\/blitzconquista.com.br\/index.php?rest_route=%2Fwp%2Fv2%2Ftags&post=47763"}],"curies":[{"name":"wp","href":"https:\/\/api.w.org\/{rel}","templated":true}]}}