{"id":47769,"date":"2016-05-02T22:16:15","date_gmt":"2016-05-03T01:16:15","guid":{"rendered":"http:\/\/blitzconquista.com.br\/?p=47769"},"modified":"2016-05-13T21:19:31","modified_gmt":"2016-05-14T00:19:31","slug":"pgr-pede-abertura-de-inquerito-contra-aecio-cunha-e-edinho-silva","status":"publish","type":"post","link":"https:\/\/blitzconquista.com.br\/?p=47769","title":{"rendered":"PGR pede abertura de inqu\u00e9rito contra A\u00e9cio, Cunha e Edinho Silva"},"content":{"rendered":"<p><img decoding=\"async\" loading=\"lazy\" class=\"alignnone size-full wp-image-38965\" src=\"http:\/\/blitzconquista.com.br\/wp-content\/uploads\/2015\/08\/agencia_brasil_logo.png\" alt=\"agencia_brasil_logo\" width=\"150\" height=\"35\" \/><\/p>\n<p>O procurador-geral da Rep\u00fablica, Rodrigo Janot, pediu ao Supremo Tribunal Federal (STF) autoriza\u00e7\u00e3o para iniciar as investiga\u00e7\u00f5es contra pessoas citadas no acordo de dela\u00e7\u00e3o premiada do senador Delc\u00eddio do Amaral (MS) na Opera\u00e7\u00e3o Lava Jato. As peti\u00e7\u00f5es chegaram ao Supremo na quinta-feira (28).<\/p>\n<figure class=\"default\"><figcaption><\/figcaption><\/figure>\n<p>Nos pedidos de abertura de inqu\u00e9rito, Janot pretende investigar o senador e presidente nacional do PSDB, A\u00e9cio Neves (MG), o presidente da C\u00e2mara dos Deputados, Eduardo Cunha (PMDB-RJ), o ministro da Secretaria de Comunica\u00e7\u00e3o Social da Presid\u00eancia da Rep\u00fablica, Edinho Silva, o deputado federal Marco Maia (PT-RS) e o ministro do Tribunal de Contas da Uni\u00e3o (TCU) Vital do R\u00eago.<\/p>\n<p>Caber\u00e1 ao ministro Teori Zavascki, relator da Lava Jato no Supremo, decidir pela autoriza\u00e7\u00e3o.<\/p>\n<p>Em mar\u00e7o, Zavascki homologou o acordo de dela\u00e7\u00e3o premiada do senador Delc\u00eddio do Amaral (MS) firmado com a Procuradoria-Geral da Rep\u00fablica (PGR), de modo a colaborar com as investiga\u00e7\u00f5es da opera\u00e7\u00e3o. Na ocasi\u00e3o, o ministro retirou o sigilo do processo e divulgou a \u00edntegra dos depoimentos de dela\u00e7\u00e3o.<\/p>\n<p>No m\u00eas passado, o ministro decidiu incluir no principal inqu\u00e9rito da Opera\u00e7\u00e3o Lava Jato que tramita na Corte trechos da dela\u00e7\u00e3o do senador Delc\u00eddio em que a presidenta Dilma Rousseff, o vice-presidente, Michel Temer, e o ex-presidente Luiz In\u00e1cio Lula da Silva s\u00e3o citados.<\/p>\n<p>Na dela\u00e7\u00e3o, tamb\u00e9m foi citado e inclu\u00eddo no inqu\u00e9rito Joel Renn\u00f3, ex-executivo da Petrobras do governo do ex-presidente Fernando Henrique Cardoso.<\/p>\n<p><strong>A\u00e9cio e Cunha<\/strong><\/p>\n<p>No termo de dela\u00e7\u00e3o n\u00ba 2, Delc\u00eddio afirmou que o senador A\u00e9cio Neves (PSDB-MG) recebia \u201cpagamentos il\u00edcitos\u201d, pagos, segundo ele, pelo ex-diretor de Furnas Dimas Toledo.<br \/>\n\u201cO depoente disse que n\u00e3o sabe precisar, mas sabe que Dimas operacionalizava pagamentos e um dos benefici\u00e1rios dos valores il\u00edcitos sem d\u00favida foi A\u00e9cio Neves\u201d, informou trecho da dela\u00e7\u00e3o.<\/p>\n<p>No mesmo depoimento, Delc\u00eddio relatou que Eduardo Cunha tamb\u00e9m tinha pessoas indicadas em Furnas. Segundo ele, Cunha usava requerimentos para convocar empres\u00e1rios que tinham contratos com a estatal. \u201cEste procedimento de fazer requerimentos e usar expedientes parlamentares \u00e9 muito comum do Eduardo Cunha\u201d, destacou outro trecho.<\/p>\n<p><strong>Edinho Silva<\/strong><\/p>\n<p>Delc\u00eddio tamb\u00e9m relatou supostos pagamentos il\u00edcitos envolvendo Edinho Silva, ent\u00e3o tesoureiro da campanha da presidenta Dilma Rousseff em 2014, a empresas do ramo de sa\u00fade.<\/p>\n<p>\u201cChamou a aten\u00e7\u00e3o do depoente que laborat\u00f3rios farmac\u00eauticos e planos de sa\u00fade estejam sendo prestigiados, atualmente, pelo governo federal. H\u00e1 verdadeira queda de bra\u00e7o para indica\u00e7\u00e3o de nomes para as ag\u00eancias reguladoras relacionadas com a \u00e1rea da sa\u00fade, at\u00e9 pela visibilidade negativa que o caso Lava Jato imp\u00f4s aos setores de energia, engenharia e petr\u00f3leo.<\/p>\n<p><strong>Vital do R\u00eago e Marco Maia<\/strong><\/p>\n<p>De acordo com os depoimentos de Delc\u00eddio, o ex-senador e atual ministro do TCU Vital do R\u00eago e o deputado federal Marco Maia \u201ccobravam ped\u00e1gios para n\u00e3o convocar\u201d donos de empreiteiras investigada na Lava Jato, como Leo Pinheiro, da OAS, e Ricardo Pessoa, da UTC Engenharia.<\/p>\n","protected":false},"excerpt":{"rendered":"<p>O procurador-geral da Rep\u00fablica, Rodrigo Janot, pediu ao Supremo Tribunal Federal (STF) autoriza\u00e7\u00e3o para iniciar as investiga\u00e7\u00f5es contra pessoas citadas no acordo de dela\u00e7\u00e3o premiada do senador Delc\u00eddio do Amaral (MS) na Opera\u00e7\u00e3o Lava Jato. As peti\u00e7\u00f5es chegaram ao Supremo na quinta-feira (28). Nos pedidos de abertura de inqu\u00e9rito, Janot pretende investigar o senador e [&hellip;]<\/p>\n","protected":false},"author":1,"featured_media":48057,"comment_status":"open","ping_status":"closed","sticky":false,"template":"","format":"standard","meta":[],"categories":[5],"tags":[],"_links":{"self":[{"href":"https:\/\/blitzconquista.com.br\/index.php?rest_route=\/wp\/v2\/posts\/47769"}],"collection":[{"href":"https:\/\/blitzconquista.com.br\/index.php?rest_route=\/wp\/v2\/posts"}],"about":[{"href":"https:\/\/blitzconquista.com.br\/index.php?rest_route=\/wp\/v2\/types\/post"}],"author":[{"embeddable":true,"href":"https:\/\/blitzconquista.com.br\/index.php?rest_route=\/wp\/v2\/users\/1"}],"replies":[{"embeddable":true,"href":"https:\/\/blitzconquista.com.br\/index.php?rest_route=%2Fwp%2Fv2%2Fcomments&post=47769"}],"version-history":[{"count":2,"href":"https:\/\/blitzconquista.com.br\/index.php?rest_route=\/wp\/v2\/posts\/47769\/revisions"}],"predecessor-version":[{"id":48058,"href":"https:\/\/blitzconquista.com.br\/index.php?rest_route=\/wp\/v2\/posts\/47769\/revisions\/48058"}],"wp:featuredmedia":[{"embeddable":true,"href":"https:\/\/blitzconquista.com.br\/index.php?rest_route=\/wp\/v2\/media\/48057"}],"wp:attachment":[{"href":"https:\/\/blitzconquista.com.br\/index.php?rest_route=%2Fwp%2Fv2%2Fmedia&parent=47769"}],"wp:term":[{"taxonomy":"category","embeddable":true,"href":"https:\/\/blitzconquista.com.br\/index.php?rest_route=%2Fwp%2Fv2%2Fcategories&post=47769"},{"taxonomy":"post_tag","embeddable":true,"href":"https:\/\/blitzconquista.com.br\/index.php?rest_route=%2Fwp%2Fv2%2Ftags&post=47769"}],"curies":[{"name":"wp","href":"https:\/\/api.w.org\/{rel}","templated":true}]}}