{"id":48156,"date":"2016-05-06T15:47:35","date_gmt":"2016-05-06T18:47:35","guid":{"rendered":"http:\/\/blitzconquista.com.br\/?p=47814"},"modified":"2016-05-06T15:47:35","modified_gmt":"2016-05-06T18:47:35","slug":"militante-social-dona-margarida-aos-70-anos-e-uma-das-condutoras-da-tocha-olimpica","status":"publish","type":"post","link":"https:\/\/blitzconquista.com.br\/?p=48156","title":{"rendered":"Militante social, dona Margarida, aos 70 anos, \u00e9 uma das condutoras da Tocha Ol\u00edmpica"},"content":{"rendered":"<div class=\"entry-category\"><span class=\"date-publish\">2016<\/span><\/p>\n<div class=\"entry-meta\"><\/div>\n<\/div>\n<div class=\"blog-content\">\n<div class=\"entry-content\">\n<p><a href=\"http:\/\/www.pmvc.ba.gov.br\/wp-content\/uploads\/2016\/05\/dona-margarida-tocha.jpg\" rel=\"attachment wp-att-107100\"><img decoding=\"async\" loading=\"lazy\" class=\"aligncenter size-large wp-image-107100\" src=\"http:\/\/www.pmvc.ba.gov.br\/wp-content\/uploads\/2016\/05\/dona-margarida-tocha-680x680.jpg\" sizes=\"(max-width: 640px) 100vw, 640px\" srcset=\"http:\/\/www.pmvc.ba.gov.br\/wp-content\/uploads\/2016\/05\/dona-margarida-tocha-175x175.jpg 175w, http:\/\/www.pmvc.ba.gov.br\/wp-content\/uploads\/2016\/05\/dona-margarida-tocha-768x768.jpg 768w, http:\/\/www.pmvc.ba.gov.br\/wp-content\/uploads\/2016\/05\/dona-margarida-tocha-680x680.jpg 680w, http:\/\/www.pmvc.ba.gov.br\/wp-content\/uploads\/2016\/05\/dona-margarida-tocha-600x600.jpg 600w, http:\/\/www.pmvc.ba.gov.br\/wp-content\/uploads\/2016\/05\/dona-margarida-tocha.jpg 800w\" alt=\"dona-margarida-tocha\" width=\"640\" height=\"640\" \/><\/a><\/p>\n<h2>\u201cQue essa tocha \u2018ilumine\u2019 a todos aqueles que estar\u00e3o nas Olimp\u00edadas\u201d, expressou a aposentada, numa refer\u00eancia que os atletas tenham bom desempenho durante os jogos<\/h2>\n<p>\u201cAlgu\u00e9m me ligou e disse: \u2018a senhora foi selecionada para ser condutora da Tocha Ol\u00edmpica\u2019. Respondi: \u2018eu?!\u2019 Foi uma grande surpresa.\u201d<\/p>\n<p>Recuperada do susto inicial, agora, dona Margarida Aparecida Gomes Alc\u00e2ntara s\u00f3 comemora. Ela foi uma das 71 pessoas selecionadas para conduzir a Tocha Ol\u00edmpica em sua passagem por Vit\u00f3ria da Conquista, no dia 20 de maio.<\/p>\n<p>A aposentada \u00e9 natural de Ibiassuc\u00ea, morou em Cacul\u00e9 e Itapetinga, e h\u00e1 16 anos fez de Vit\u00f3ria da Conquista a sua casa.<\/p>\n<p>Aos 70 anos, ela mora com dois dos seus tr\u00eas filhos e dedica seu tempo, dentre outras coisas, aos trabalhos da Associa\u00e7\u00e3o de Moradores do Conjunto\u00a0Inocoop I, da qual \u00e9 presidente pelo segundo mandato. Com satisfa\u00e7\u00e3o, ela conta que foi gra\u00e7as a uma articula\u00e7\u00e3o da entidade que foi erguida a capela Irm\u00e3 Dulce, comunidade Nossa Senhora de Guadalupe, que tamb\u00e9m tem a sua dedica\u00e7\u00e3o e devo\u00e7\u00e3o.<\/p>\n<p>Al\u00e9m disso, dona Margarida exerceu, por um mandato, a presid\u00eancia do Conselho Municipal do Idoso. Atualmente, ela \u00e9 vice-presidente da entidade e n\u00e3o se cansa de lutar pelos direitos dessa parcela da popula\u00e7\u00e3o.<\/p>\n<p>Ela ainda \u00e9 membro da Comiss\u00e3o Executiva do Or\u00e7amento Participativo do seu bairro. \u201cEu adoro desafios\u201d, afirma, ao narrar seu ativismo.<\/p>\n<p>Orgulhosa por ter sido incumbida de mais um desafio, que vai ficar marcado na hist\u00f3ria da cidade, ela diz que anda \u201ccolocando a boca no trombone\u201d sobre a sua miss\u00e3o de carregar o s\u00edmbolo das Olimp\u00edadas 2016. \u201c Eu pe\u00e7o a Jesus que essa tocha \u2018ilumine\u2019 a todos aqueles que estar\u00e3o nas Olimp\u00edadas. Que ilumine, d\u00ea for\u00e7as e acompanhe todos eles\u201d, revelou.<\/p>\n<\/div>\n<\/div>\n","protected":false},"excerpt":{"rendered":"<p>2016 \u201cQue essa tocha \u2018ilumine\u2019 a todos aqueles que estar\u00e3o nas Olimp\u00edadas\u201d, expressou a aposentada, numa refer\u00eancia que os atletas tenham bom desempenho durante os jogos \u201cAlgu\u00e9m me ligou e disse: \u2018a senhora foi selecionada para ser condutora da Tocha Ol\u00edmpica\u2019. Respondi: \u2018eu?!\u2019 Foi uma grande surpresa.\u201d Recuperada do susto inicial, agora, dona Margarida Aparecida [&hellip;]<\/p>\n","protected":false},"author":1,"featured_media":47815,"comment_status":"open","ping_status":"closed","sticky":false,"template":"","format":"standard","meta":[],"categories":[4],"tags":[],"_links":{"self":[{"href":"https:\/\/blitzconquista.com.br\/index.php?rest_route=\/wp\/v2\/posts\/48156"}],"collection":[{"href":"https:\/\/blitzconquista.com.br\/index.php?rest_route=\/wp\/v2\/posts"}],"about":[{"href":"https:\/\/blitzconquista.com.br\/index.php?rest_route=\/wp\/v2\/types\/post"}],"author":[{"embeddable":true,"href":"https:\/\/blitzconquista.com.br\/index.php?rest_route=\/wp\/v2\/users\/1"}],"replies":[{"embeddable":true,"href":"https:\/\/blitzconquista.com.br\/index.php?rest_route=%2Fwp%2Fv2%2Fcomments&post=48156"}],"version-history":[{"count":0,"href":"https:\/\/blitzconquista.com.br\/index.php?rest_route=\/wp\/v2\/posts\/48156\/revisions"}],"wp:featuredmedia":[{"embeddable":true,"href":"https:\/\/blitzconquista.com.br\/index.php?rest_route=\/wp\/v2\/media\/47815"}],"wp:attachment":[{"href":"https:\/\/blitzconquista.com.br\/index.php?rest_route=%2Fwp%2Fv2%2Fmedia&parent=48156"}],"wp:term":[{"taxonomy":"category","embeddable":true,"href":"https:\/\/blitzconquista.com.br\/index.php?rest_route=%2Fwp%2Fv2%2Fcategories&post=48156"},{"taxonomy":"post_tag","embeddable":true,"href":"https:\/\/blitzconquista.com.br\/index.php?rest_route=%2Fwp%2Fv2%2Ftags&post=48156"}],"curies":[{"name":"wp","href":"https:\/\/api.w.org\/{rel}","templated":true}]}}