{"id":48169,"date":"2016-05-09T09:42:31","date_gmt":"2016-05-09T12:42:31","guid":{"rendered":"http:\/\/blitzconquista.com.br\/?p=47852"},"modified":"2016-05-09T09:42:31","modified_gmt":"2016-05-09T12:42:31","slug":"empresario-e-assaltado-e-morto-no-centro-de-conquista","status":"publish","type":"post","link":"https:\/\/blitzconquista.com.br\/?p=48169","title":{"rendered":"Empres\u00e1rio \u00e9 assaltado e morto no Centro de Conquista"},"content":{"rendered":"<p><img decoding=\"async\" loading=\"lazy\" class=\"  wp-image-47857 aligncenter\" src=\"http:\/\/blitzconquista.com.br\/wp-content\/uploads\/2016\/05\/latrocinio-edvaldo-loterica-09052016-9.jpg\" alt=\"latrocinio edvaldo loterica 09052016 (9)\" width=\"355\" height=\"355\" \/><\/p>\n<p>O empres\u00e1rio Edvaldo Cardoso de Souza, 59 anos, mais conhecido por Dida, foi v\u00edtima de latroc\u00ednio na manh\u00e3 desta segunda-feira, 09, em pleno Centro Comercial de Vit\u00f3ria da Conquista.<\/p>\n<p><img decoding=\"async\" loading=\"lazy\" class=\" size-full wp-image-47853 aligncenter\" src=\"http:\/\/blitzconquista.com.br\/wp-content\/uploads\/2016\/05\/latrocinio-edvaldo-loterica-09052016-5.jpg\" alt=\"latrocinio edvaldo loterica 09052016 (5)\" width=\"695\" height=\"460\" \/><\/p>\n<p>A v\u00edtima, propriet\u00e1ria da lot\u00e9rica Vit\u00f3ria, localizada na Rua Zulmiro Nunes, junto a Pra\u00e7a Bar\u00e3o do Rio Branco, saiu de casa por volta das 7h e seguiu em dire\u00e7\u00e3o a lot\u00e9rica.<\/p>\n<p><img decoding=\"async\" loading=\"lazy\" class=\" size-full wp-image-47858 aligncenter\" src=\"http:\/\/blitzconquista.com.br\/wp-content\/uploads\/2016\/05\/latrocinio-edvaldo-loterica-09052016-1.jpg\" alt=\"latrocinio edvaldo loterica 09052016 (1)\" width=\"695\" height=\"460\" \/><\/p>\n<p>Ele estacionou o ve\u00edculo nas imedia\u00e7\u00f5es da Av. Siqueira Campos e foi andando para o estabelecimento. No meio do trajeto, em frente a lanchonete Saru\u00ea, ele foi abordado por dois homens armados.<\/p>\n<p><img decoding=\"async\" loading=\"lazy\" class=\" size-full wp-image-47855 aligncenter\" src=\"http:\/\/blitzconquista.com.br\/wp-content\/uploads\/2016\/05\/latrocinio-edvaldo-loterica-09052016-7.jpg\" alt=\"latrocinio edvaldo loterica 09052016 (7)\" width=\"695\" height=\"460\" \/><\/p>\n<p>Testemunhas afirmaram que o empres\u00e1rio estava armado e tentou reagir, mas foi alvejado com seis tiros.<\/p>\n<p>O Samu 192 esteve no local e constatou que Edvaldo j\u00e1 n\u00e3o apresentava sinais vitais.<\/p>\n<p><img decoding=\"async\" loading=\"lazy\" class=\" size-full wp-image-47854 aligncenter\" src=\"http:\/\/blitzconquista.com.br\/wp-content\/uploads\/2016\/05\/latrocinio-edvaldo-loterica-09052016-6.jpg\" alt=\"latrocinio edvaldo loterica 09052016 (6)\" width=\"695\" height=\"460\" \/><\/p>\n<p>De acordo com a pol\u00edcia, h\u00e1 informa\u00e7\u00f5es que a v\u00edtima estava com malote de valores referente a movimenta\u00e7\u00e3o do final de semana. A quantia em dinheiro seria superior a R$ 160 mil.<\/p>\n<p>Os criminosos teriam subtra\u00eddo o malote e fugido em um Fiat Strada marron claro cabine dupla. Acredita-se que o ve\u00edculo \u00e9 o mesmo que foi roubado numa cidade vizinha no domingo, 08.<\/p>\n<p>A Pol\u00edcia Militar chegou ao local imediatamente ap\u00f3s o roubo. Junto ao corpo estava o rev\u00f3lver da v\u00edtima.<\/p>\n<p><img decoding=\"async\" loading=\"lazy\" class=\" size-full wp-image-47861 aligncenter\" src=\"http:\/\/blitzconquista.com.br\/wp-content\/uploads\/2016\/05\/latrocinio-edvaldo-loterica-09052016-4.jpg\" alt=\"latrocinio edvaldo loterica 09052016 (4)\" width=\"695\" height=\"460\" \/><\/p>\n<p>O que deixou a pol\u00edcia intrigada foi o fato do rev\u00f3lver do empres\u00e1rio ser encontrado com todas as muni\u00e7\u00f5es deflagradas. Somente a per\u00edcia poder\u00e1 determinar se o empres\u00e1rio efetuou os disparos.<\/p>\n<p>&nbsp;<\/p>\n<p>&nbsp;<\/p>\n","protected":false},"excerpt":{"rendered":"<p>O empres\u00e1rio Edvaldo Cardoso de Souza, 59 anos, mais conhecido por Dida, foi v\u00edtima de latroc\u00ednio na manh\u00e3 desta segunda-feira, 09, em pleno Centro Comercial de Vit\u00f3ria da Conquista. A v\u00edtima, propriet\u00e1ria da lot\u00e9rica Vit\u00f3ria, localizada na Rua Zulmiro Nunes, junto a Pra\u00e7a Bar\u00e3o do Rio Branco, saiu de casa por volta das 7h e [&hellip;]<\/p>\n","protected":false},"author":1,"featured_media":47855,"comment_status":"open","ping_status":"closed","sticky":false,"template":"","format":"standard","meta":[],"categories":[212,3],"tags":[],"_links":{"self":[{"href":"https:\/\/blitzconquista.com.br\/index.php?rest_route=\/wp\/v2\/posts\/48169"}],"collection":[{"href":"https:\/\/blitzconquista.com.br\/index.php?rest_route=\/wp\/v2\/posts"}],"about":[{"href":"https:\/\/blitzconquista.com.br\/index.php?rest_route=\/wp\/v2\/types\/post"}],"author":[{"embeddable":true,"href":"https:\/\/blitzconquista.com.br\/index.php?rest_route=\/wp\/v2\/users\/1"}],"replies":[{"embeddable":true,"href":"https:\/\/blitzconquista.com.br\/index.php?rest_route=%2Fwp%2Fv2%2Fcomments&post=48169"}],"version-history":[{"count":0,"href":"https:\/\/blitzconquista.com.br\/index.php?rest_route=\/wp\/v2\/posts\/48169\/revisions"}],"wp:featuredmedia":[{"embeddable":true,"href":"https:\/\/blitzconquista.com.br\/index.php?rest_route=\/"}],"wp:attachment":[{"href":"https:\/\/blitzconquista.com.br\/index.php?rest_route=%2Fwp%2Fv2%2Fmedia&parent=48169"}],"wp:term":[{"taxonomy":"category","embeddable":true,"href":"https:\/\/blitzconquista.com.br\/index.php?rest_route=%2Fwp%2Fv2%2Fcategories&post=48169"},{"taxonomy":"post_tag","embeddable":true,"href":"https:\/\/blitzconquista.com.br\/index.php?rest_route=%2Fwp%2Fv2%2Ftags&post=48169"}],"curies":[{"name":"wp","href":"https:\/\/api.w.org\/{rel}","templated":true}]}}