{"id":48172,"date":"2016-05-10T10:20:59","date_gmt":"2016-05-10T13:20:59","guid":{"rendered":"http:\/\/blitzconquista.com.br\/?p=47875"},"modified":"2016-05-10T10:20:59","modified_gmt":"2016-05-10T13:20:59","slug":"prefeitura-vai-implantar-telas-de-protecao-no-viaduto-do-bairro-guarani","status":"publish","type":"post","link":"https:\/\/blitzconquista.com.br\/?p=48172","title":{"rendered":"Prefeitura vai implantar telas de prote\u00e7\u00e3o no viaduto do bairro Guarani"},"content":{"rendered":"<p><strong>Novo equipamento ser\u00e1 de a\u00e7o galvanizado, com 3,2 metros de altura total e 75 de extens\u00e3o em cada lateral<\/strong><\/p>\n<p><img decoding=\"async\" loading=\"lazy\" class=\"alignnone size-full wp-image-38965\" src=\"http:\/\/blitzconquista.com.br\/wp-content\/uploads\/2015\/08\/agencia_brasil_logo.png\" alt=\"agencia_brasil_logo\" width=\"150\" height=\"35\" \/><\/p>\n<p>A fim de garantir maior seguran\u00e7a \u00e0s pessoas que trafegam a p\u00e9 pelas laterais do viaduto do bairro Guarani, na zona norte de Vit\u00f3ria da Conquista, a Prefeitura vai implantar telas de prote\u00e7\u00e3o no local. O novo equipamento, feito com a\u00e7o galvanizado, ter\u00e1 75 metros lineares em cada lado, e uma altura total de 3,2 metros, do piso at\u00e9 o topo \u2013 incluindo o gradil de 70 cent\u00edmetros j\u00e1 existente.<\/p>\n<p><img decoding=\"async\" loading=\"lazy\" class=\"  wp-image-47876 alignright\" src=\"http:\/\/blitzconquista.com.br\/wp-content\/uploads\/2016\/05\/SC2_2511.jpg\" alt=\"SC2_2511\" width=\"347\" height=\"231\" \/><\/p>\n<p>O projeto das telas foi viabilizado por meio de uma parceria que envolveu a Prefeitura, atrav\u00e9s dos t\u00e9cnicos das secretarias de Infraestrutura e Mobilidade Urbana, e empresas que atuam nesse ramo em Vit\u00f3ria da Conquista.<\/p>\n<p>A primeira etapa foi o\u00a0levantamento topogr\u00e1fico do viaduto, a fim de verificar qual seria a forma mais eficiente de interven\u00e7\u00e3o. O a\u00e7o galvanizado foi o material escolhido por apresentar vantagens na durabilidade e na resist\u00eancia contra a ferrugem.<\/p>\n<p>No momento, a tela est\u00e1 em fase de fabrica\u00e7\u00e3o. A instala\u00e7\u00e3o propriamente dita come\u00e7a nessa semana, inicialmente com o lixamento e a pintura de peitoris existentes na obra, e em seguida com a montagem do equipamento de prote\u00e7\u00e3o por meio de solda.<\/p>\n<p>\u201cO gradil existente no viaduto est\u00e1 dentro das normas t\u00e9cnicas. Mas, aumentando e colocando uma prote\u00e7\u00e3o maior, com tr\u00eas metros e vinte cent\u00edmetros, o Governo Municipal entende que se reduz a possibilidade de ocorrerem incidentes\u201d, explica o secret\u00e1rio municipal de Mobilidade Urbana, Luis Alberto Sellmann, que acumula tamb\u00e9m a pasta de Infraestrutura Urbana.<\/p>\n","protected":false},"excerpt":{"rendered":"<p>Novo equipamento ser\u00e1 de a\u00e7o galvanizado, com 3,2 metros de altura total e 75 de extens\u00e3o em cada lateral A fim de garantir maior seguran\u00e7a \u00e0s pessoas que trafegam a p\u00e9 pelas laterais do viaduto do bairro Guarani, na zona norte de Vit\u00f3ria da Conquista, a Prefeitura vai implantar telas de prote\u00e7\u00e3o no local. O [&hellip;]<\/p>\n","protected":false},"author":1,"featured_media":47876,"comment_status":"open","ping_status":"closed","sticky":false,"template":"","format":"standard","meta":[],"categories":[4],"tags":[],"_links":{"self":[{"href":"https:\/\/blitzconquista.com.br\/index.php?rest_route=\/wp\/v2\/posts\/48172"}],"collection":[{"href":"https:\/\/blitzconquista.com.br\/index.php?rest_route=\/wp\/v2\/posts"}],"about":[{"href":"https:\/\/blitzconquista.com.br\/index.php?rest_route=\/wp\/v2\/types\/post"}],"author":[{"embeddable":true,"href":"https:\/\/blitzconquista.com.br\/index.php?rest_route=\/wp\/v2\/users\/1"}],"replies":[{"embeddable":true,"href":"https:\/\/blitzconquista.com.br\/index.php?rest_route=%2Fwp%2Fv2%2Fcomments&post=48172"}],"version-history":[{"count":0,"href":"https:\/\/blitzconquista.com.br\/index.php?rest_route=\/wp\/v2\/posts\/48172\/revisions"}],"wp:featuredmedia":[{"embeddable":true,"href":"https:\/\/blitzconquista.com.br\/index.php?rest_route=\/wp\/v2\/media\/47876"}],"wp:attachment":[{"href":"https:\/\/blitzconquista.com.br\/index.php?rest_route=%2Fwp%2Fv2%2Fmedia&parent=48172"}],"wp:term":[{"taxonomy":"category","embeddable":true,"href":"https:\/\/blitzconquista.com.br\/index.php?rest_route=%2Fwp%2Fv2%2Fcategories&post=48172"},{"taxonomy":"post_tag","embeddable":true,"href":"https:\/\/blitzconquista.com.br\/index.php?rest_route=%2Fwp%2Fv2%2Ftags&post=48172"}],"curies":[{"name":"wp","href":"https:\/\/api.w.org\/{rel}","templated":true}]}}