{"id":48176,"date":"2016-05-11T21:57:23","date_gmt":"2016-05-12T00:57:23","guid":{"rendered":"http:\/\/blitzconquista.com.br\/?p=47893"},"modified":"2016-05-11T21:57:23","modified_gmt":"2016-05-12T00:57:23","slug":"dilma-saira-do-planalto-pelo-terreo-e-fara-discurso-para-condenar-golpe","status":"publish","type":"post","link":"https:\/\/blitzconquista.com.br\/?p=48176","title":{"rendered":"Dilma sair\u00e1 do Planalto pelo t\u00e9rreo e far\u00e1 discurso para condenar &#8220;golpe&#8221;"},"content":{"rendered":"<p><img decoding=\"async\" loading=\"lazy\" class=\"alignnone size-full wp-image-38965\" src=\"http:\/\/blitzconquista.com.br\/wp-content\/uploads\/2015\/08\/agencia_brasil_logo.png\" alt=\"agencia_brasil_logo\" width=\"150\" height=\"35\" \/><\/p>\n<p>A presidenta Dilma Rousseff deixar\u00e1 o Pal\u00e1cio do Planalto, caso seja afastada pelo Senado, com um ato pol\u00edtico para denunciar o que considera um golpe contra seu governo. A notifica\u00e7\u00e3o sobre a decis\u00e3o dos senadores deve chegar \u00e0 presidenta amanh\u00e3 (12) de manh\u00e3.<\/p>\n<p>O Pal\u00e1cio do Planalto prepara uma cerim\u00f4nia no gabinete presidencial, no terceiro andar do pr\u00e9dio, onde Dilma receber\u00e1 o ex-presidente Luiz In\u00e1cio Lula da Silva, ministros, autoridades e personalidades aliadas para assinar a notifica\u00e7\u00e3o, que ser\u00e1 entregue pelo primeiro-secret\u00e1rio da Mesa Diretora do Senado, senador Vicentinho Alves (PR-TO).<\/p>\n<p>Do lado de fora do pal\u00e1cio, movimentos sociais que apoiam o governo far\u00e3o nova manifesta\u00e7\u00e3o contra o <em>impeachment<\/em>.<\/p>\n<p>Antes de deixar o Pal\u00e1cio do Planalto, seu local de trabalho, Dilma far\u00e1 uma declara\u00e7\u00e3o \u00e0 imprensa, prevista para as 10h. No mesmo hor\u00e1rio, um v\u00eddeo gravado pela presidenta ser\u00e1 divulgado nas redes sociais da Presid\u00eancia da Rep\u00fablica.<\/p>\n<p>Em seguida, Dilma sair\u00e1 do Pal\u00e1cio do Planalto pela porta principal do pr\u00e9dio, no t\u00e9rreo, sem usar a rampa. Fora do edif\u00edcio, a presidenta far\u00e1 um discurso em que se dir\u00e1 v\u00edtima e injusti\u00e7ada, como tem feito nas \u00faltimas semanas. Neste momento, Dilma poder\u00e1 se aproximar das grades que cercam o pr\u00e9dio para ser acolhida e abra\u00e7ada pelos manifestantes que forem ao local prestar apoio a ela.<\/p>\n<p>Ap\u00f3s os atos, a presidenta seguir\u00e1, de carro, at\u00e9 o Pal\u00e1cio da Alvorada, resid\u00eancia oficial da Presid\u00eancia da Rep\u00fablica, a poucos quil\u00f4metros do Planalto, onde vai permanecer durante os 180 dias em que deve ficar afastada.<\/p>\n<p>Havia a expectativa de que os ministros e militantes seguissem a p\u00e9 at\u00e9 o Pal\u00e1cio da Alvorada. No entanto, a informa\u00e7\u00e3o mais atualizada \u00e9 que a caminhada foi descartada.<\/p>\n","protected":false},"excerpt":{"rendered":"<p>A presidenta Dilma Rousseff deixar\u00e1 o Pal\u00e1cio do Planalto, caso seja afastada pelo Senado, com um ato pol\u00edtico para denunciar o que considera um golpe contra seu governo. A notifica\u00e7\u00e3o sobre a decis\u00e3o dos senadores deve chegar \u00e0 presidenta amanh\u00e3 (12) de manh\u00e3. O Pal\u00e1cio do Planalto prepara uma cerim\u00f4nia no gabinete presidencial, no terceiro [&hellip;]<\/p>\n","protected":false},"author":1,"featured_media":47894,"comment_status":"open","ping_status":"closed","sticky":false,"template":"","format":"standard","meta":[],"categories":[212,5],"tags":[],"_links":{"self":[{"href":"https:\/\/blitzconquista.com.br\/index.php?rest_route=\/wp\/v2\/posts\/48176"}],"collection":[{"href":"https:\/\/blitzconquista.com.br\/index.php?rest_route=\/wp\/v2\/posts"}],"about":[{"href":"https:\/\/blitzconquista.com.br\/index.php?rest_route=\/wp\/v2\/types\/post"}],"author":[{"embeddable":true,"href":"https:\/\/blitzconquista.com.br\/index.php?rest_route=\/wp\/v2\/users\/1"}],"replies":[{"embeddable":true,"href":"https:\/\/blitzconquista.com.br\/index.php?rest_route=%2Fwp%2Fv2%2Fcomments&post=48176"}],"version-history":[{"count":0,"href":"https:\/\/blitzconquista.com.br\/index.php?rest_route=\/wp\/v2\/posts\/48176\/revisions"}],"wp:featuredmedia":[{"embeddable":true,"href":"https:\/\/blitzconquista.com.br\/index.php?rest_route=\/"}],"wp:attachment":[{"href":"https:\/\/blitzconquista.com.br\/index.php?rest_route=%2Fwp%2Fv2%2Fmedia&parent=48176"}],"wp:term":[{"taxonomy":"category","embeddable":true,"href":"https:\/\/blitzconquista.com.br\/index.php?rest_route=%2Fwp%2Fv2%2Fcategories&post=48176"},{"taxonomy":"post_tag","embeddable":true,"href":"https:\/\/blitzconquista.com.br\/index.php?rest_route=%2Fwp%2Fv2%2Ftags&post=48176"}],"curies":[{"name":"wp","href":"https:\/\/api.w.org\/{rel}","templated":true}]}}