{"id":48178,"date":"2016-05-11T22:14:29","date_gmt":"2016-05-12T01:14:29","guid":{"rendered":"http:\/\/blitzconquista.com.br\/?p=47900"},"modified":"2016-05-15T00:20:12","modified_gmt":"2016-05-15T03:20:12","slug":"apesar-de-maioria-no-congresso-eventual-governo-temer-encontrara-dificuldades","status":"publish","type":"post","link":"https:\/\/blitzconquista.com.br\/?p=48178","title":{"rendered":"Apesar de maioria no Congresso, eventual governo Temer encontrar\u00e1 dificuldades"},"content":{"rendered":"<p><img decoding=\"async\" loading=\"lazy\" class=\"alignnone size-full wp-image-38965\" src=\"http:\/\/blitzconquista.com.br\/wp-content\/uploads\/2015\/08\/agencia_brasil_logo.png\" alt=\"agencia_brasil_logo\" width=\"150\" height=\"35\" \/><\/p>\n<p>Com a prov\u00e1vel aprova\u00e7\u00e3o, no Senado, da admissibilidade do impeachment de Dilma Rousseff e do afastamento da presidenta pelo prazo de 180 dias, o governo que ser\u00e1 conduzido por Michel Temer dever\u00e1 come\u00e7ar com apoio da maioria dos parlamentares no Congresso Nacional, o que vai permitir a aprova\u00e7\u00e3o imediata de medidas econ\u00f4micas. No entanto, a oposi\u00e7\u00e3o do PT e de partidos que hoje formam a base aliada de Dilma Rousseff promete n\u00e3o dar sossego ao novo governo.<\/p>\n<p><img decoding=\"async\" loading=\"lazy\" class=\"  wp-image-44116 alignright\" src=\"http:\/\/blitzconquista.com.br\/wp-content\/uploads\/2015\/12\/temer2.jpg\" alt=\"temer2\" width=\"304\" height=\"203\" srcset=\"https:\/\/blitzconquista.com.br\/wp-content\/uploads\/2015\/12\/temer2.jpg 640w, https:\/\/blitzconquista.com.br\/wp-content\/uploads\/2015\/12\/temer2-300x200.jpg 300w\" sizes=\"(max-width: 304px) 100vw, 304px\" \/>Para o cientista pol\u00edtico e professor da Universidade Federal do Rio de Janeiro (UFRJ)\u00a0Paulo Ba\u00eda, o prov\u00e1vel governo Temer encontrar\u00e1 muitas dificuldades. \u201cO processo de impeachment \u00e9 sempre traum\u00e1tico e ficam feridas abertas na sociedade. Al\u00e9m disso, no caso do afastamento da presidenta Dilma, ela tem uma base com uma oposi\u00e7\u00e3o organizada e que sabe fazer oposi\u00e7\u00e3o\u201d, avalia. Para ele, Temer ter\u00e1 que tomar medidas imediatas em rela\u00e7\u00e3o \u00e0 crise fiscal e \u00e0 situa\u00e7\u00e3o econ\u00f4mica e pol\u00edtica do pa\u00eds.<\/p>\n<p>O professor Michael Mohallem, da FGV Direito Rio, lembra que a oposi\u00e7\u00e3o do PT ter\u00e1 um elemento a mais, que \u00e9 a motiva\u00e7\u00e3o da retirada de Dilma Rousseff da presid\u00eancia. \u201c\u00c9 sempre dif\u00edcil ter contra si uma oposi\u00e7\u00e3o de um partido grande como o PT e, principalmente, uma posi\u00e7\u00e3o que tem uma motiva\u00e7\u00e3o adicional. Essa oposi\u00e7\u00e3o \u00e9 motivada pela narrativa do golpe, que vai se intensificar at\u00e9 2018\u201d, avalia.<\/p>\n<p>Na avalia\u00e7\u00e3o dos especialistas, o Senado n\u00e3o deve demorar o prazo m\u00e1ximo de 180 dias para analisar o processo de impeachment. Para Mohallem, a estimativa mais realista \u00e9 a que fala entre dois meses e meio a tr\u00eas meses. Na opini\u00e3o de Ba\u00eda, o processo vai demorar entre 40 e 60 dias.<\/p>\n<p><strong>Maioria no Congresso<\/strong><\/p>\n<p>Os dois especialistas concordam que Temer ter\u00e1 uma facilidade imediata que \u00e9 a maioria da C\u00e2mara dos Deputados e no Senado, benef\u00edcio que Dilma Rousseff n\u00e3o teve no seu segundo mandato. \u201cTemer tem o benef\u00edcio da maioria do Congresso para agir de imediato\u201d, diz Paulo Ba\u00eda.<\/p>\n<p>Mohallem lembra que, se os parlamentares que votaram em favor do impeachment continuarem apoiando Temer, ele ter\u00e1 os votos necess\u00e1rios para aprovar projetos de lei e at\u00e9 emendas constitucionais. \u201cEm um primeiro momento, Temer vai ter uma larga maioria no Congresso. Se a maioria que votou pelo impeachment se reproduz, mesmo que n\u00e3o seja a mesma, um pouco menos que isso j\u00e1 \u00e9 suficiente para aprovar emenda constitucional\u201d, diz.<\/p>\n<p><strong>Dificuldades<\/strong><\/p>\n<p>Para o professor Mohallem, a montagem da base do governo ser\u00e1 um dos primeiros desafios de Temer. Ele lembra que o vice-presidente j\u00e1 mudou de avalia\u00e7\u00e3o sobre a redu\u00e7\u00e3o do n\u00famero de minist\u00e9rios, o que demonstra uma dificuldade em acomodar a base aliada. \u201cN\u00e3o \u00e9 uma equa\u00e7\u00e3o simples, porque o Temer se prop\u00f4s a trazer partidos da oposi\u00e7\u00e3o, como PSDB e DEM, e tamb\u00e9m partidos que eram da base do governo, como PSD, PR, PP. Essa \u00e9 uma engenharia que n\u00e3o \u00e9 simples\u201d, diz.<\/p>\n<p>Outra quest\u00e3o que deve impactar no governo Temer, segundo o professor, \u00e9 a imprevisibilidade da Opera\u00e7\u00e3o Lava Jato, da Pol\u00edcia Federal. \u201cEle vai ter dificuldades sempre que a Lava Jato avan\u00e7ar sobre sua base pol\u00edtica no Congresso e, especialmente, quando ela avan\u00e7ar sobre seus ministros\u201d, lembrando que nomes cotados para compor o minist\u00e9rio de Temer s\u00e3o investigados na opera\u00e7\u00e3o.<\/p>\n","protected":false},"excerpt":{"rendered":"<p>Com a prov\u00e1vel aprova\u00e7\u00e3o, no Senado, da admissibilidade do impeachment de Dilma Rousseff e do afastamento da presidenta pelo prazo de 180 dias, o governo que ser\u00e1 conduzido por Michel Temer dever\u00e1 come\u00e7ar com apoio da maioria dos parlamentares no Congresso Nacional, o que vai permitir a aprova\u00e7\u00e3o imediata de medidas econ\u00f4micas. No entanto, a [&hellip;]<\/p>\n","protected":false},"author":1,"featured_media":48011,"comment_status":"open","ping_status":"closed","sticky":false,"template":"","format":"standard","meta":[],"categories":[5],"tags":[],"_links":{"self":[{"href":"https:\/\/blitzconquista.com.br\/index.php?rest_route=\/wp\/v2\/posts\/48178"}],"collection":[{"href":"https:\/\/blitzconquista.com.br\/index.php?rest_route=\/wp\/v2\/posts"}],"about":[{"href":"https:\/\/blitzconquista.com.br\/index.php?rest_route=\/wp\/v2\/types\/post"}],"author":[{"embeddable":true,"href":"https:\/\/blitzconquista.com.br\/index.php?rest_route=\/wp\/v2\/users\/1"}],"replies":[{"embeddable":true,"href":"https:\/\/blitzconquista.com.br\/index.php?rest_route=%2Fwp%2Fv2%2Fcomments&post=48178"}],"version-history":[{"count":1,"href":"https:\/\/blitzconquista.com.br\/index.php?rest_route=\/wp\/v2\/posts\/48178\/revisions"}],"predecessor-version":[{"id":48214,"href":"https:\/\/blitzconquista.com.br\/index.php?rest_route=\/wp\/v2\/posts\/48178\/revisions\/48214"}],"wp:featuredmedia":[{"embeddable":true,"href":"https:\/\/blitzconquista.com.br\/index.php?rest_route=\/wp\/v2\/media\/48011"}],"wp:attachment":[{"href":"https:\/\/blitzconquista.com.br\/index.php?rest_route=%2Fwp%2Fv2%2Fmedia&parent=48178"}],"wp:term":[{"taxonomy":"category","embeddable":true,"href":"https:\/\/blitzconquista.com.br\/index.php?rest_route=%2Fwp%2Fv2%2Fcategories&post=48178"},{"taxonomy":"post_tag","embeddable":true,"href":"https:\/\/blitzconquista.com.br\/index.php?rest_route=%2Fwp%2Fv2%2Ftags&post=48178"}],"curies":[{"name":"wp","href":"https:\/\/api.w.org\/{rel}","templated":true}]}}