{"id":48183,"date":"2016-05-12T13:56:10","date_gmt":"2016-05-12T16:56:10","guid":{"rendered":"http:\/\/blitzconquista.com.br\/?p=47918"},"modified":"2016-05-15T00:14:20","modified_gmt":"2016-05-15T03:14:20","slug":"estou-vivendo-a-dor-da-traicao-e-da-injustica-diz-dilma-a-manifestantes","status":"publish","type":"post","link":"https:\/\/blitzconquista.com.br\/?p=48183","title":{"rendered":"&#8220;Estou vivendo a dor da trai\u00e7\u00e3o e da injusti\u00e7a&#8221;, diz Dilma a manifestantes"},"content":{"rendered":"<div class=\"content\">\n<figure class=\"teaser\"><figcaption><\/figcaption><\/figure>\n<p><img decoding=\"async\" loading=\"lazy\" class=\"alignnone size-full wp-image-38965\" src=\"http:\/\/blitzconquista.com.br\/wp-content\/uploads\/2015\/08\/agencia_brasil_logo.png\" alt=\"agencia_brasil_logo\" width=\"150\" height=\"35\" \/><\/p>\n<p>Em discurso a apoiadores do governo, concentrados em frente ao Pal\u00e1cio do Planalto, a presidenta afastada Dilma Rousseff disse que esta sendo v\u00edtima de injusti\u00e7a e trai\u00e7\u00e3o, ap\u00f3s ter sido afastada do cargo por at\u00e9 180 dias para julgamento do processo de <em>impeachment<\/em> no Senado<em>.<\/em><\/p>\n<p>&#8220;Estou vivendo a dor da trai\u00e7\u00e3o, a dor da injusti\u00e7a&#8221;, disse aos manifestantes.\u00a0\u201cAo longo da minha vida enfrentei muitos desafios, enfrentei o desafio terr\u00edvel e sombrio da ditadura, da tortura, enfrentei como muitas mulheres desse pa\u00eds a dor indiz\u00edvel da doen\u00e7a, o que mais d\u00f3i nessa situa\u00e7\u00e3o que estou vivendo agora, a inomin\u00e1vel dor da injusti\u00e7a, a profunda dor da injusti\u00e7a, a dor da trai\u00e7\u00e3o, a dor diante do fato que eu estou sendo [manifestantes gritam Fora Temer]. S\u00e3o duas palavras terr\u00edveis, trai\u00e7\u00e3o e injusti\u00e7a, s\u00e3o talvez as mais terr\u00edveis palavras que recai sobre uma pessoa e essa hora agora, esse momento \u00e9 o momento em que as for\u00e7as da injusti\u00e7a e da trai\u00e7\u00e3o est\u00e3o soltas por a\u00cd\u201d, disse.<\/p>\n<p>Dilma afirmou que ir\u00e1 resistir at\u00e9 o fim do processo de <em>impeachment<\/em>, que foi aberto no Senado. &#8220;Estou pronta para resistir por todos os meios legais. Lutei minha vida inteira e vou continuar lutando&#8221;, afirmou.<\/p>\n<p>A presidenta afastada agradeceu o apoio de manifestantes que protestaram nos \u00faltimos meses contra o processo que, segundo Dilma, &#8220;estiveram do lado certo da hist\u00f3ria, do lado da democracia&#8221;.<\/p>\n<p>\u201cEu sou a primeira mulher eleita presidenta da Rep\u00fablica, eu honrei os votos que as mulheres me deram. Eu fui a primeira mulher eleita presidenta da Rep\u00fablica, depois do primeiro oper\u00e1rio eleito presidente da Rep\u00fablica, como primeira mulher, eu honrei as mulheres. Como qualquer pessoa humana, posso ter cometido erros, mas jamais cometi crimes&#8221;, destacou.<\/p>\n<p>Ap\u00f3s o discurso, do lado de fora do Planalto, Dilma recebeu um buqu\u00ea de flores e cumprimentou os populares. Ela estava acompanhada do ex-presidente Luiz In\u00e1cio Lula da Silva e de ministros de seu governo.<\/p>\n<p><strong>Pronunciamento \u00e0 imprensa<\/strong><\/p>\n<p>Antes do pronunciamento para o p\u00fablico, Dilma Rousseff fez um discurso para a imprensa. Cercada por dezenas de ex-ministros, parlamentares e servidores do Pal\u00e1cio do Planalto, a presidenta afastada classificou o processo contra ela de &#8220;impeachment fraudulento&#8221;.<\/p>\n<p>\u201cDiante da decis\u00e3o do Senado quero mais uma vez esclarecer os fatos e denunciar os riscos para o pa\u00eds de um<em> impeachment <\/em>fraudulento, um verdadeiro golpe, desde que fui eleita, parte da oposi\u00e7\u00e3o inconformada pediu recontagem de votos, tentou anular as eleis\u00e7\u00f5es depois e passou a conspirar abertamente pelo <em>impeachment<\/em>, mergulharam o pa\u00eds num ato de instabilidade e impediram a recupera\u00e7\u00e3o da economia com tomar na for\u00e7a o que n\u00e3o conquistaram nas urnas\u201d.<\/p>\n<p>Dilma Rousseff admitiu que pode ter cometido erros, mas enfatizou que n\u00e3o cometeu crimes e que est\u00e1 sofrendo injusti\u00e7a, a &#8220;maior das brutalidades que pode ser cometida&#8221;.<\/p>\n<p>&#8220;N\u00e3o cometi crime de responsabilidade. N\u00e3o tenho contas no exterior, jamais compactuei com a corrup\u00e7\u00e3o. Esse processo \u00e9 fr\u00e1gil, juridicamente inconsistente, injusto, desencadeado contra pessoa honesta e inocente. A maior das brutalidades que pode ser cometida por qualquer ser humano: puni-lo por um crime que n\u00e3o cometeu&#8221;, disse.<\/p>\n<p>Em falas interrompidas por aplausos e gritos de apoio, a presidenta lembrou que foi eleita por 54 milh\u00f5es de brasileiros e disse que o que est\u00e1 em jogo n\u00e3o \u00e9 somente o seu mandato.<\/p>\n<p>&#8220;O que est\u00e1 em jogo n\u00e3o \u00e9 apenas o meu mandato. \u00c9 o respeito \u00e0s urnas. \u00c0 vontade soberana ao povo brasileiro e \u00e0 Constitui\u00e7\u00e3o. S\u00e3o as conquistas dos \u00faltimos 13 anos. O que est\u00e1 em jogo \u00e9 a prote\u00e7\u00e3o \u00e0s crian\u00e7as, jovens chegando \u00e0s universidades e escolas t\u00e9cnicas. O que est\u00e1 em jogo \u00e9 o futuro do pa\u00eds, esperan\u00e7a de avan\u00e7ar cada vez mais. Quero mais uma vez esclarecer fatos e denunciar riscos para pa\u00eds de um impeachment fraudulento. Um verdadeiro golpe&#8221;, declarou.<\/p>\n<p>No pronunciamento, Dilma estava acompanhada de seus ex-ministros e parlamentares aliados, como a ex-ministra Eleonora Menicucci (das Mulheres), K\u00e1tia Abreu (da Agricultura) e Giles Azevedo (assessor especial). Dilma deu a declara\u00e7\u00e3o no Sal\u00e3o Leste do Pal\u00e1cio do Planalto que estava lotado de servidores que vieram dar apoio \u00e0 presidenta afastada. Eles entoaram palavras de ordem: \u201c\u00c9 golpe\u201d, \u201cGolpistas, fascistas n\u00e3o passar\u00e3o\u201d, \u201cDilma, guerreira, da p\u00e1tria brasileira\u201d.<\/p>\n<p>E voltou a dizer que n\u00e3o cometeu crime, e que, por isso, se sente injusti\u00e7ada. &#8220;Jamais compactuei com a corrup\u00e7\u00e3o, esse \u00e9 um processo inconsistente, injusto, desencadeado contra uma pessoa inocente, \u00e9 a maior brutalidade que pode ser cometida contra qualquer ser humano, puni-lo por um crime que n\u00e3o cometeu. N\u00e3o existe injusti\u00e7a mais devastadora que condenar um inocente, \u00e9 uma injusti\u00e7a, um mal irrepar\u00e1vel, essa farsa jur\u00eddica de que estou sendo alvo. Como presidente, nunca aceitei chantagem alguma, posso ter cometidos erros, mas n\u00e3o cometi crime.&#8221;<\/p>\n<p>Dilma tamb\u00e9m voltou a dizer que antecessores tamb\u00e9m usaram do artif\u00edcio da pedalada fiscal para ajustar contas de governo. &#8220;Atos que pratiquei foram atos legais, honestos. Atos de governo id\u00eanticos foram executados pelos presidentes que me antecederam. N\u00e3o era crime na \u00e9poca deles e n\u00e3o \u00e9 crime tamb\u00e9m agora. Tratam\u00a0 como crime um ato corriqueiro de gest\u00e3o, me acusam de atraso no pagamento do Plano Safra. \u00c9 falso. A lei n\u00e3o exige minha participa\u00e7\u00e3o na execu\u00e7\u00e3o desse plano. Meus acusadores tem que saber dizer que ato pratiquei. Nada restou para ser pago, nem d\u00edvida.&#8221;<\/p>\n<p><strong>Notifica\u00e7\u00e3o<\/strong><\/p>\n<p>Dilma foi notificada no Pal\u00e1cio do Planalto pelo primeiro-secret\u00e1rio da Mesa Diretora do Senado, senador Vicentinho Alves (PR-TO), de seu afastamento do cargo ap\u00f3s a proclama\u00e7\u00e3o do resultado da vota\u00e7\u00e3o da admissibilidade do seu processo de impeachment na manh\u00e3 desta quinta-feira (12).<\/p>\n<p>O Senado aprovou, por 55 votos a favor e 22 contra, a admissibilidade do processo de impeachment da presidenta Dilma Rousseff. Com isso, o processo ser\u00e1 aberto no Senado e Dilma \u00e9 afastada do cargo por at\u00e9 180 dias. Os senadores votaram no painel eletr\u00f4nico. N\u00e3o houve absten\u00e7\u00f5es. Estavam presentes 78 parlamentares, mas 77 votaram, j\u00e1 que o presidente da Casa, Renan Calheiros, se absteve.<\/p>\n<p>Assim que terminou sua declara\u00e7\u00e3o, Dilma saiu do Pal\u00e1cio do Planalto pela porta principal que fica no t\u00e9rreo do pr\u00e9dio. No caminho, ela cumprimentou servidores da Presid\u00eancia, em sua maioria mulheres, que a recepcionaram no caminho, que estavam em um cercado pr\u00f3ximo \u00e0 rampa.<\/p>\n<\/div>\n","protected":false},"excerpt":{"rendered":"<p>Em discurso a apoiadores do governo, concentrados em frente ao Pal\u00e1cio do Planalto, a presidenta afastada Dilma Rousseff disse que esta sendo v\u00edtima de injusti\u00e7a e trai\u00e7\u00e3o, ap\u00f3s ter sido afastada do cargo por at\u00e9 180 dias para julgamento do processo de impeachment no Senado. &#8220;Estou vivendo a dor da trai\u00e7\u00e3o, a dor da injusti\u00e7a&#8221;, [&hellip;]<\/p>\n","protected":false},"author":1,"featured_media":48201,"comment_status":"open","ping_status":"closed","sticky":false,"template":"","format":"standard","meta":[],"categories":[5],"tags":[],"_links":{"self":[{"href":"https:\/\/blitzconquista.com.br\/index.php?rest_route=\/wp\/v2\/posts\/48183"}],"collection":[{"href":"https:\/\/blitzconquista.com.br\/index.php?rest_route=\/wp\/v2\/posts"}],"about":[{"href":"https:\/\/blitzconquista.com.br\/index.php?rest_route=\/wp\/v2\/types\/post"}],"author":[{"embeddable":true,"href":"https:\/\/blitzconquista.com.br\/index.php?rest_route=\/wp\/v2\/users\/1"}],"replies":[{"embeddable":true,"href":"https:\/\/blitzconquista.com.br\/index.php?rest_route=%2Fwp%2Fv2%2Fcomments&post=48183"}],"version-history":[{"count":2,"href":"https:\/\/blitzconquista.com.br\/index.php?rest_route=\/wp\/v2\/posts\/48183\/revisions"}],"predecessor-version":[{"id":48202,"href":"https:\/\/blitzconquista.com.br\/index.php?rest_route=\/wp\/v2\/posts\/48183\/revisions\/48202"}],"wp:featuredmedia":[{"embeddable":true,"href":"https:\/\/blitzconquista.com.br\/index.php?rest_route=\/wp\/v2\/media\/48201"}],"wp:attachment":[{"href":"https:\/\/blitzconquista.com.br\/index.php?rest_route=%2Fwp%2Fv2%2Fmedia&parent=48183"}],"wp:term":[{"taxonomy":"category","embeddable":true,"href":"https:\/\/blitzconquista.com.br\/index.php?rest_route=%2Fwp%2Fv2%2Fcategories&post=48183"},{"taxonomy":"post_tag","embeddable":true,"href":"https:\/\/blitzconquista.com.br\/index.php?rest_route=%2Fwp%2Fv2%2Ftags&post=48183"}],"curies":[{"name":"wp","href":"https:\/\/api.w.org\/{rel}","templated":true}]}}