{"id":48184,"date":"2016-05-12T13:57:43","date_gmt":"2016-05-12T16:57:43","guid":{"rendered":"http:\/\/blitzconquista.com.br\/?p=47921"},"modified":"2016-05-15T00:12:46","modified_gmt":"2016-05-15T03:12:46","slug":"temer-divulga-lista-oficial-de-ministros","status":"publish","type":"post","link":"https:\/\/blitzconquista.com.br\/?p=48184","title":{"rendered":"Temer divulga lista oficial de ministros"},"content":{"rendered":"<p><img decoding=\"async\" loading=\"lazy\" class=\"alignnone size-full wp-image-38965\" src=\"http:\/\/blitzconquista.com.br\/wp-content\/uploads\/2015\/08\/agencia_brasil_logo.png\" alt=\"agencia_brasil_logo\" width=\"150\" height=\"35\" \/><\/p>\n<p>O presidente interino Michel Temer j\u00e1 escolheu sua equipe de governo. No total, ser\u00e3o 21 minist\u00e9rios, segundo divulgou a assessoria de imprensa da Vice-Presid\u00eancia. O Minist\u00e9rio da Cultura, por exemplo, ser\u00e1 incorporado ao Minist\u00e9rio da Educa\u00e7\u00e3o.<\/p>\n<p>Abaixo, a lista dos novos ministros:<\/p>\n<p>&#8211; Gilberto Kassab, ministro de Ci\u00eancia, Tecnologia, Inova\u00e7\u00f5es e Comunica\u00e7\u00f5es<br \/>\n&#8211; Raul Jungmann, ministro da Defesa<br \/>\n&#8211; Romero Juc\u00e1, Planejamento, Desenvolvimento e Gest\u00e3o<br \/>\n&#8211; Geddel Vieira Lima, ministro-chefe da Secretaria de Governo<br \/>\n&#8211; S\u00e9rgio Etchegoyen, ministro-chefe do Gabinete de Seguran\u00e7a Institucional<br \/>\n&#8211; Bruno Ara\u00fajo, ministro das Cidades<br \/>\n&#8211; Blairo Maggi, ministro da Agricultura, Pecu\u00e1ria e Abastecimento<br \/>\n&#8211; Henrique Meirelles, ministro da Fazenda<br \/>\n&#8211; Mendon\u00e7a Filho, ministro da Educa\u00e7\u00e3o e Cultura<br \/>\n&#8211; Eliseu Padilha, ministro-chefe da Casa Civil<br \/>\n&#8211; Osmar Terra, ministro do Desenvolvimento Social e Agr\u00e1rio<br \/>\n&#8211; Leonardo Picciani, ministro do Esporte<br \/>\n&#8211; Ricardo Barros, ministro da Sa\u00fade<br \/>\n&#8211; Jos\u00e9 Sarney Filho, ministro do Meio Ambiente<br \/>\n&#8211; Henrique Alves, ministro do Turismo<br \/>\n&#8211; Jos\u00e9 Serra, ministro das Rela\u00e7\u00f5es Exteriores<br \/>\n&#8211; Ronaldo Nogueira de Oliveira, ministro do Trabalho<br \/>\n&#8211; Alexandre de Moraes, ministro da Justi\u00e7a e Cidadania<br \/>\n&#8211; Mauricio Quintella, ministro dos Transportes, Portos e Avia\u00e7\u00e3o Civil<br \/>\n&#8211; Fabiano Augusto Martins Silveira, ministro da Fiscaliza\u00e7\u00e3o, Transpar\u00eancia e Controle (ex-CGU)<br \/>\n&#8211; F\u00e1bio Os\u00f3rio Medina, AGU<\/p>\n","protected":false},"excerpt":{"rendered":"<p>O presidente interino Michel Temer j\u00e1 escolheu sua equipe de governo. No total, ser\u00e3o 21 minist\u00e9rios, segundo divulgou a assessoria de imprensa da Vice-Presid\u00eancia. O Minist\u00e9rio da Cultura, por exemplo, ser\u00e1 incorporado ao Minist\u00e9rio da Educa\u00e7\u00e3o. Abaixo, a lista dos novos ministros: &#8211; Gilberto Kassab, ministro de Ci\u00eancia, Tecnologia, Inova\u00e7\u00f5es e Comunica\u00e7\u00f5es &#8211; Raul Jungmann, [&hellip;]<\/p>\n","protected":false},"author":1,"featured_media":47475,"comment_status":"open","ping_status":"closed","sticky":false,"template":"","format":"standard","meta":[],"categories":[212,5],"tags":[],"_links":{"self":[{"href":"https:\/\/blitzconquista.com.br\/index.php?rest_route=\/wp\/v2\/posts\/48184"}],"collection":[{"href":"https:\/\/blitzconquista.com.br\/index.php?rest_route=\/wp\/v2\/posts"}],"about":[{"href":"https:\/\/blitzconquista.com.br\/index.php?rest_route=\/wp\/v2\/types\/post"}],"author":[{"embeddable":true,"href":"https:\/\/blitzconquista.com.br\/index.php?rest_route=\/wp\/v2\/users\/1"}],"replies":[{"embeddable":true,"href":"https:\/\/blitzconquista.com.br\/index.php?rest_route=%2Fwp%2Fv2%2Fcomments&post=48184"}],"version-history":[{"count":1,"href":"https:\/\/blitzconquista.com.br\/index.php?rest_route=\/wp\/v2\/posts\/48184\/revisions"}],"predecessor-version":[{"id":48199,"href":"https:\/\/blitzconquista.com.br\/index.php?rest_route=\/wp\/v2\/posts\/48184\/revisions\/48199"}],"wp:featuredmedia":[{"embeddable":true,"href":"https:\/\/blitzconquista.com.br\/index.php?rest_route=\/wp\/v2\/media\/47475"}],"wp:attachment":[{"href":"https:\/\/blitzconquista.com.br\/index.php?rest_route=%2Fwp%2Fv2%2Fmedia&parent=48184"}],"wp:term":[{"taxonomy":"category","embeddable":true,"href":"https:\/\/blitzconquista.com.br\/index.php?rest_route=%2Fwp%2Fv2%2Fcategories&post=48184"},{"taxonomy":"post_tag","embeddable":true,"href":"https:\/\/blitzconquista.com.br\/index.php?rest_route=%2Fwp%2Fv2%2Ftags&post=48184"}],"curies":[{"name":"wp","href":"https:\/\/api.w.org\/{rel}","templated":true}]}}