{"id":48364,"date":"2016-05-19T00:53:45","date_gmt":"2016-05-19T03:53:45","guid":{"rendered":"http:\/\/blitzconquista.com.br\/?p=48364"},"modified":"2016-05-19T00:53:45","modified_gmt":"2016-05-19T03:53:45","slug":"tratamento-para-h1n1-cura-mais-de-90-dos-casos","status":"publish","type":"post","link":"https:\/\/blitzconquista.com.br\/?p=48364","title":{"rendered":"Tratamento para H1N1 cura mais de 90% dos casos"},"content":{"rendered":"<p>A t\u00e9cnica de Seguran\u00e7a do Trabalho, Andrea Santos, \u00e9 amiga da paciente do Hospital Geral de Vit\u00f3ria da Conquista, que faleceu no \u00faltimo dia 3 de maio, aos 49 anos, por insufici\u00eancia respirat\u00f3ria aguda grave.<\/p>\n<p>Por mais de uma semana, esta paciente apresentou sintomas de gripe, por\u00e9m n\u00e3o procurou atendimento m\u00e9dico e ficou em casa se automedicando. O quadro ficou t\u00e3o grave que, no mesmo dia em que foi internada, ela morreu.<\/p>\n<p>Ao contr\u00e1rio de sua amiga, Andr\u00e9a procurou o servi\u00e7o de sa\u00fade assim que sentiu os primeiros sintomas. \u201cAl\u00e9m disso, tive o cuidado de higienizar bem as m\u00e3os e evitar contato pr\u00f3ximo com as pessoas\u201d, contou a t\u00e9cnica.<\/p>\n<p>Todo o protocolo foi seguido rigorosamente, a medica\u00e7\u00e3o foi tomada e Andr\u00e9a n\u00e3o tem mais nenhum sintoma de gripe, apesar de ainda n\u00e3o ter recebido o resultado para H1N1.<\/p>\n<p>A t\u00e9cnica de Seguran\u00e7a do Trabalho destacou que n\u00e3o h\u00e1 motivo para p\u00e2nico. \u201c\u00c9 muito mais f\u00e1cil a pessoa ter Zika e dengue, do que H1N1. Eu n\u00e3o me desesperei em nenhum momento e procurei logo ajuda m\u00e9dica\u201d, completou.<\/p>\n<p><a href=\"http:\/\/www.pmvc.ba.gov.br\/wp-content\/uploads\/2016\/05\/WhatsApp-Image-20160516.jpg\" rel=\"attachment wp-att-107837\"><img decoding=\"async\" loading=\"lazy\" class=\"aligncenter size-full wp-image-107837\" src=\"http:\/\/www.pmvc.ba.gov.br\/wp-content\/uploads\/2016\/05\/WhatsApp-Image-20160516.jpg\" sizes=\"(max-width: 600px) 100vw, 600px\" srcset=\"http:\/\/www.pmvc.ba.gov.br\/wp-content\/uploads\/2016\/05\/WhatsApp-Image-20160516-312x175.jpg 312w, http:\/\/www.pmvc.ba.gov.br\/wp-content\/uploads\/2016\/05\/WhatsApp-Image-20160516.jpg 600w\" alt=\"WhatsApp-Image-20160516\" width=\"600\" height=\"337\" \/><\/a><br \/>\nQuando retornou de uma viagem de f\u00e9rias a Morro de S\u00e3o Paulo, no in\u00edcio de mar\u00e7o, a servidora p\u00fablica Daniela Abraim, 32 anos, trouxe consigo mais do que fotografias e recorda\u00e7\u00f5es. As dores no corpo, a febre e a tosse seca logo a levaram a procurar um m\u00e9dico. Feitos os primeiros exames, verificou-se que os sintomas eram sinais de que ela contra\u00edra o v\u00edrus da gripe H1N1 \u2013 conforme se constatou meses depois.<\/p>\n<p>O procedimento padr\u00e3o nesses casos foi seguido. Devido \u00e0s suspeitas, Daniela foi imediatamente hospitalizada. Profissionais ligados \u00e0 Secretaria Municipal de Sa\u00fade coletaram o material e enviaram ao Laborat\u00f3rio Central, em Salvador. O resultado constatou que era mesmo um caso de H1N1.<\/p>\n<p>Daniela conta que, quando ouviu o diagn\u00f3stico, n\u00e3o p\u00f4de conter o susto. Afinal, a simples men\u00e7\u00e3o ao nome \u201cH1N1\u201d j\u00e1 lhe causava espanto. Mas, como tomou corretamente a medica\u00e7\u00e3o \u2013 o \u201cTamiflu\u201d, fornecido pela Secretaria, a doen\u00e7a se foi depois de alguns dias. E ela constatou que, afinal de contas, n\u00e3o havia motivo para p\u00e2nico. \u201cA Secretaria Municipal de Sa\u00fade foi ao hospital, colheu o material, tudo direitinho, e j\u00e1 de imediato eles prescreveram o Tamiflu\u201d, relata.<\/p>\n<p>\u201c\u00c9 uma gripe forte, mas \u00e9 como outra qualquer. E depende do organismo da pessoa\u201d, lembra ainda a servidora. \u201cFiquei uns tr\u00eas ou quatro dias muito mal. Eram dores intensas, muita tosse e febre. Mas, depois, meu quadro evoluiu\u201d. Daniela acredita que contribuiu para isso o seu h\u00e1bito de praticar atividades f\u00edsicas regularmente.<\/p>\n<p><strong>\u2018Nada de alarde\u2019 \u2013<\/strong> A doen\u00e7a se foi, mas o v\u00edrus foi transmitido \u00e0 m\u00e3e de Daniela, a empres\u00e1ria Bernadete Almeida, 59. Nela, a febre chegou a quarenta graus, junto com dores por todo o corpo. Al\u00e9m disso, ela n\u00e3o conseguia se alimentar.<\/p>\n<p>Bernadete permaneceu internada por cerca de dez dias. Ainda assim, as coisas transcorreram sem grandes sobressaltos. \u201cQuando comecei a tomar a medica\u00e7\u00e3o, melhorei\u201d, conta a empres\u00e1ria. \u201cE, quando recebi alta, no outro dia fui trabalhar\u201d.<\/p>\n<p>Depois dos dias sob os efeitos da H1N1, m\u00e3e e filha j\u00e1 est\u00e3o de volta \u00e0 ativa. \u201cNada de alarde, de jeito nenhum. Tomando a medica\u00e7\u00e3o certinho, e bebendo bastante l\u00edquido, voc\u00ea consegue. N\u00e3o deixa sequela nenhuma\u201d, explica Daniela.<\/p>\n<p>Bernadete constata que ambas conseguiram se livrar do v\u00edrus por terem recorrido aos m\u00e9dicos imediatamente, e principalmente por n\u00e3o terem tomado medicamentos por conta pr\u00f3pria. \u201cN\u00e3o \u00e9 bom ficar aguardando muito tempo em casa\u201d, ensina.<\/p>\n<p><em>*Secom<\/em><\/p>\n","protected":false},"excerpt":{"rendered":"<p>A t\u00e9cnica de Seguran\u00e7a do Trabalho, Andrea Santos, \u00e9 amiga da paciente do Hospital Geral de Vit\u00f3ria da Conquista, que faleceu no \u00faltimo dia 3 de maio, aos 49 anos, por insufici\u00eancia respirat\u00f3ria aguda grave. Por mais de uma semana, esta paciente apresentou sintomas de gripe, por\u00e9m n\u00e3o procurou atendimento m\u00e9dico e ficou em casa [&hellip;]<\/p>\n","protected":false},"author":1,"featured_media":48365,"comment_status":"open","ping_status":"closed","sticky":false,"template":"","format":"standard","meta":[],"categories":[212,30],"tags":[],"_links":{"self":[{"href":"https:\/\/blitzconquista.com.br\/index.php?rest_route=\/wp\/v2\/posts\/48364"}],"collection":[{"href":"https:\/\/blitzconquista.com.br\/index.php?rest_route=\/wp\/v2\/posts"}],"about":[{"href":"https:\/\/blitzconquista.com.br\/index.php?rest_route=\/wp\/v2\/types\/post"}],"author":[{"embeddable":true,"href":"https:\/\/blitzconquista.com.br\/index.php?rest_route=\/wp\/v2\/users\/1"}],"replies":[{"embeddable":true,"href":"https:\/\/blitzconquista.com.br\/index.php?rest_route=%2Fwp%2Fv2%2Fcomments&post=48364"}],"version-history":[{"count":1,"href":"https:\/\/blitzconquista.com.br\/index.php?rest_route=\/wp\/v2\/posts\/48364\/revisions"}],"predecessor-version":[{"id":48366,"href":"https:\/\/blitzconquista.com.br\/index.php?rest_route=\/wp\/v2\/posts\/48364\/revisions\/48366"}],"wp:featuredmedia":[{"embeddable":true,"href":"https:\/\/blitzconquista.com.br\/index.php?rest_route=\/wp\/v2\/media\/48365"}],"wp:attachment":[{"href":"https:\/\/blitzconquista.com.br\/index.php?rest_route=%2Fwp%2Fv2%2Fmedia&parent=48364"}],"wp:term":[{"taxonomy":"category","embeddable":true,"href":"https:\/\/blitzconquista.com.br\/index.php?rest_route=%2Fwp%2Fv2%2Fcategories&post=48364"},{"taxonomy":"post_tag","embeddable":true,"href":"https:\/\/blitzconquista.com.br\/index.php?rest_route=%2Fwp%2Fv2%2Ftags&post=48364"}],"curies":[{"name":"wp","href":"https:\/\/api.w.org\/{rel}","templated":true}]}}