{"id":53235,"date":"2016-11-03T11:07:26","date_gmt":"2016-11-03T14:07:26","guid":{"rendered":"http:\/\/blitzconquista.com.br\/?p=53235"},"modified":"2016-11-03T14:09:22","modified_gmt":"2016-11-03T17:09:22","slug":"herzem-solicita-instalacao-da-comissao-de-transicao-de-mandato","status":"publish","type":"post","link":"https:\/\/blitzconquista.com.br\/?p=53235","title":{"rendered":"Herzem solicita instala\u00e7\u00e3o da comiss\u00e3o de Transi\u00e7\u00e3o de Mandato"},"content":{"rendered":"<p>O prefeito eleito de Vit\u00f3ria da Conquista, Herzem Gusm\u00e3o (PMDB), requereu ao atual prefeito da cidade, Guilherme Menezes, a instala\u00e7\u00e3o da Comiss\u00e3o Tempor\u00e1ria Especial, denominada de \u201cComiss\u00e3o de Transi\u00e7\u00e3o de Mandato\u201d, no intuito de coordenar os trabalhos relacionados \u00e0 transi\u00e7\u00e3o governamental para a gest\u00e3o 2017-2020.<\/p>\n<p>Segundo Herzem, \u201c\u00e9 importante a instala\u00e7\u00e3o do grupo de transi\u00e7\u00e3o o quanto antes, j\u00e1 que \u00e9 necess\u00e1rio conhecer o dia a dia da prefeitura. A celeridade deste processo visa n\u00e3o prejudicar ou retardar as a\u00e7\u00f5es e servi\u00e7os oferecidos para a comunidade, evitando, assim, a descontinuidade administrativa no munic\u00edpio\u201d.<\/p>\n<p>De acordo com a resolu\u00e7\u00e3o 1311\/2012 do Tribunal de Contas dos Munic\u00edpios do Estado da Bahia, que disciplina as provid\u00eancias a serem adotadas pelos Munic\u00edpios para a transmiss\u00e3o de cargos, \u201ca transmiss\u00e3o do Poder dever\u00e1 ser promovida pelo gestor de forma a resguardar o interesse p\u00fablico\u201d. J\u00e1 a Comiss\u00e3o ter\u00e1, preferencialmente, o Secret\u00e1rio de Finan\u00e7as; o Secret\u00e1rio de Administra\u00e7\u00e3o; o respons\u00e1vel pelo Sistema de Controle Interno Municipal; o respons\u00e1vel pelo Setor Cont\u00e1bil e; 2 (dois) ou mais representantes do Prefeito eleito.<\/p>\n<p>*Assessoria<\/p>\n","protected":false},"excerpt":{"rendered":"<p>O prefeito eleito de Vit\u00f3ria da Conquista, Herzem Gusm\u00e3o (PMDB), requereu ao atual prefeito da cidade, Guilherme Menezes, a instala\u00e7\u00e3o da Comiss\u00e3o Tempor\u00e1ria Especial, denominada de \u201cComiss\u00e3o de Transi\u00e7\u00e3o de Mandato\u201d, no intuito de coordenar os trabalhos relacionados \u00e0 transi\u00e7\u00e3o governamental para a gest\u00e3o 2017-2020. Segundo Herzem, \u201c\u00e9 importante a instala\u00e7\u00e3o do grupo de transi\u00e7\u00e3o [&hellip;]<\/p>\n","protected":false},"author":1,"featured_media":53236,"comment_status":"open","ping_status":"closed","sticky":false,"template":"","format":"standard","meta":[],"categories":[5],"tags":[],"_links":{"self":[{"href":"https:\/\/blitzconquista.com.br\/index.php?rest_route=\/wp\/v2\/posts\/53235"}],"collection":[{"href":"https:\/\/blitzconquista.com.br\/index.php?rest_route=\/wp\/v2\/posts"}],"about":[{"href":"https:\/\/blitzconquista.com.br\/index.php?rest_route=\/wp\/v2\/types\/post"}],"author":[{"embeddable":true,"href":"https:\/\/blitzconquista.com.br\/index.php?rest_route=\/wp\/v2\/users\/1"}],"replies":[{"embeddable":true,"href":"https:\/\/blitzconquista.com.br\/index.php?rest_route=%2Fwp%2Fv2%2Fcomments&post=53235"}],"version-history":[{"count":1,"href":"https:\/\/blitzconquista.com.br\/index.php?rest_route=\/wp\/v2\/posts\/53235\/revisions"}],"predecessor-version":[{"id":53237,"href":"https:\/\/blitzconquista.com.br\/index.php?rest_route=\/wp\/v2\/posts\/53235\/revisions\/53237"}],"wp:featuredmedia":[{"embeddable":true,"href":"https:\/\/blitzconquista.com.br\/index.php?rest_route=\/wp\/v2\/media\/53236"}],"wp:attachment":[{"href":"https:\/\/blitzconquista.com.br\/index.php?rest_route=%2Fwp%2Fv2%2Fmedia&parent=53235"}],"wp:term":[{"taxonomy":"category","embeddable":true,"href":"https:\/\/blitzconquista.com.br\/index.php?rest_route=%2Fwp%2Fv2%2Fcategories&post=53235"},{"taxonomy":"post_tag","embeddable":true,"href":"https:\/\/blitzconquista.com.br\/index.php?rest_route=%2Fwp%2Fv2%2Ftags&post=53235"}],"curies":[{"name":"wp","href":"https:\/\/api.w.org\/{rel}","templated":true}]}}